{"id":2423,"date":"2020-12-11T16:29:54","date_gmt":"2020-12-11T16:29:54","guid":{"rendered":"http:\/\/canaguaro.cinefagos.net\/?p=2423"},"modified":"2020-12-11T16:29:54","modified_gmt":"2020-12-11T16:29:54","slug":"la-frontera-de-david-david-c","status":"publish","type":"post","link":"https:\/\/canaguaro.cinefagos.net\/n01\/la-frontera-de-david-david-c\/","title":{"rendered":"La frontera, de David David C."},"content":{"rendered":"\n<p class=\"autor\">Ingrid \u00dasuga O.<\/p>\n\n\n\n<div class=\"wp-block-image\"><figure class=\"aligncenter size-large\"><img loading=\"lazy\" decoding=\"async\" width=\"22\" height=\"8\" src=\"http:\/\/canaguaro.cinefagos.net\/n01\/wp-content\/uploads\/sites\/2\/2020\/12\/sep-1.png\" alt=\"\" class=\"wp-image-2923\" \/><\/figure><\/div>\n\n\n\n<p class=\"has-text-align-right\"><em>Nuestro hijo traer\u00e1 lo que hace falta<br>-Diana Ipuana-<\/em><\/p>\n\n\n\n<p class=\"entradilla\"><br>En una entrevista a prop\u00f3sito del estreno de <em>La frontera<\/em> (2019) en el Festival de Cine de El Cairo, el director David David C. hablaba as\u00ed de su \u00f3pera prima: \u201cLa comunidad wayuu de Colombia es una minor\u00eda que ha resistido con dignidad el paso del tiempo, y la fuerza avasallante de la colonizaci\u00f3n. Para m\u00ed son una representaci\u00f3n ideal del ser colombiano por su capacidad de resistir, y por su conexi\u00f3n con la tierra, con la familia, con lo m\u00edstico. Ahora bien, esa resistencia se ha nutrido un poco del hermetismo. La necesidad de cerrarse en s\u00ed mismo para sentirse seguro. All\u00ed encontr\u00e9 el meollo de la historia, la met\u00e1fora entre la frontera f\u00edsica y la frontera de la mente\u201d (1). Coincido con su afirmaci\u00f3n: el t\u00edtulo de este filme va m\u00e1s all\u00e1 del enorme territorio geogr\u00e1fico por el que se unen (y se separan) Colombia y Venezuela, para hablarnos de los l\u00edmites que nos ponemos nosotros mismos en relaci\u00f3n con los dem\u00e1s. Por eso, en esta pel\u00edcula, la pol\u00edtica est\u00e1 reducida a unas declaraciones gubernamentales que los personajes escuchan en la radio, algo abstracto y lejano, algo que parecieran no entender porque tampoco sienten en esos discursos alguna relaci\u00f3n con su d\u00eda a d\u00eda, donde sus condiciones sociales son muy precarias, pero que -parad\u00f3jicamente- viven as\u00ed precisamente por esa pol\u00edtica migratoria que se mueve al vaiv\u00e9n del capricho del mandatario de turno.<\/p>\n\n\n\n<div class=\"wp-block-image\"><figure class=\"aligncenter size-large\"><img loading=\"lazy\" decoding=\"async\" width=\"1024\" height=\"525\" src=\"http:\/\/canaguaro.cinefagos.net\/wp-content\/uploads\/2020\/12\/lafrontera-latamcinema.com_-1024x525.jpg\" alt=\"\" class=\"wp-image-2424\" srcset=\"https:\/\/canaguaro.cinefagos.net\/n01\/wp-content\/uploads\/sites\/2\/2020\/12\/lafrontera-latamcinema.com_-1024x525.jpg 1024w, https:\/\/canaguaro.cinefagos.net\/n01\/wp-content\/uploads\/sites\/2\/2020\/12\/lafrontera-latamcinema.com_-300x154.jpg 300w, https:\/\/canaguaro.cinefagos.net\/n01\/wp-content\/uploads\/sites\/2\/2020\/12\/lafrontera-latamcinema.com_-768x394.jpg 768w, https:\/\/canaguaro.cinefagos.net\/n01\/wp-content\/uploads\/sites\/2\/2020\/12\/lafrontera-latamcinema.com_.jpg 1170w\" sizes=\"auto, (max-width: 1024px) 100vw, 1024px\" \/><\/figure><\/div>\n\n\n\n<p>Por eso creo que el director barranquillero David David Celed\u00f3n tuvo el acierto de no centrarse en el paso fronterizo f\u00edsico, en el desespero y la incertidumbre de cruzar una frontera que cuando empieza la narraci\u00f3n del filme est\u00e1 cerrada. \u00c9l decidi\u00f3 enfocarse en una familia que pr\u00e1cticamente simboliza a una comunidad entera. A \u00e9l le importa la gente que vive en uno de los lados y los muros mentales y culturales de los que se rodean para protegerse. La pel\u00edcula est\u00e1 dotada de una gran sensibilidad, se nota el conocimiento del director hacia este tema. Por eso, uno de los valores m\u00e1s importantes de esta pel\u00edcula es que David David nos retrat\u00f3 la uni\u00f3n, m\u00e1s no las diferencias culturales. Donde exalt\u00f3 los puntos en com\u00fan m\u00e1s all\u00e1 de las diferencias.<\/p>\n\n\n\n<p>La protagonista es una joven wayuu, Diana Ipuana (interpretada por Dayl\u00edn Vega Moreno), que vive en una rancher\u00eda en medio del desierto del departamento de La Guajira (o quiz\u00e1 de El Cesar, ambos son lim\u00edtrofes con Venezuela) con su hermano y con su marido, que es carpintero, pero que tiene unos medios ilegales y violentos para subsistir. Diana y su marido est\u00e1n esperando su hijo primog\u00e9nito y viven en una relaci\u00f3n con la tierra que es la de todo campesino: es su ra\u00edz y su sustento y a la vez es su condena, algo que los ata.<\/p>\n\n\n\n<p>La pel\u00edcula tiene dos momentos y en ambos hay tres personas. Diana es siempre el personaje com\u00fan, aunque las circunstancias sean muy diferentes. En el segundo momento estar\u00e1 acompa\u00f1ada de dos seres a los que auxilia: un hombre herido y una mujer venezolana que intentaba cruzar la frontera.&nbsp; Junto a su hermano y a su marido ella sent\u00eda paz, reflejaban su mundo habitual, su frontera particular. Junto a los otros dos personajes, llegados casi por casualidad a la rancher\u00eda, ella encuentra la incertidumbre, lo desconocido, lo que la reta, algo que la fuerza a abrirse, un lazo solidario que culturalmente le exige mucho.&nbsp; &nbsp;<\/p>\n\n\n\n<blockquote class=\"wp-block-quote is-layout-flow wp-block-quote-is-layout-flow\"><p>&#8230;viven en una relaci\u00f3n con la tierra que es la de todo campesino: es su ra\u00edz y su sustento y a la vez es su condena, algo que los ata.<\/p><\/blockquote>\n\n\n\n<p>La sencillez de la narraci\u00f3n es perfecta para describir el tipo de vida y la personalidad de Diana, una mujer callada, con una vida interior forjada a punta de resiliencia y de carencias. La pel\u00edcula, adem\u00e1s de tener dos momentos, tiene dos escenarios igual de importantes y llamativos: El plano real y actual de la vida de Diana; y uno muy especial, el plano on\u00edrico, que refleja los sue\u00f1os, ilusiones y predicciones que ella tiene acerca de una situaci\u00f3n. Es como si esos sue\u00f1os, adem\u00e1s de hablarle a Diana, demostraran la fortaleza espiritual y la magia de la cultura wayuu, como si estas personas estuvieran en contacto con otra dimensi\u00f3n, una que ellos mismos descubrieron, es una conexi\u00f3n con la madre tierra que les da poder, seguridad y que, adem\u00e1s, se comunica con ellos rec\u00edprocamente. Todos estos sue\u00f1os tienen un significado, algunos m\u00e1s literales y otros necesitan de m\u00e1s an\u00e1lisis para entender lo que quisieron decir. Ser\u00eda imposible no compararla con pel\u00edculas como <em>P\u00e1jaros de verano<\/em> (2018), de Ciro Guerra y Cristina Gallego, en donde tambi\u00e9n se ve el v\u00ednculo de la comunidad con la tierra y los sue\u00f1os, solo que en este caso fueron enfocados al alma de la protagonista.<\/p>\n\n\n\n<p>Es incre\u00edble lo poderosa y contradictoria que puede ser una frontera en cualquier sentido desde donde se vea. Puede ser un lugar que une, que limita, que protege o que agrede. Todo en unos metros de tierra o en un pensamiento o en un acento. Es donde el cuestionamiento sobre lo humano florece en su esplendor: \u00bfAd\u00f3nde pertenezco? \u00bfA d\u00f3nde voy? \u00bfPor qu\u00e9 me quiero ir? \u00bfPor qu\u00e9 me quiero quedar? \u00bfPor qu\u00e9 debo limitar mi recorrido?<\/p>\n\n\n\n<p><strong>Referencia:<\/strong><\/p>\n\n\n\n<p>1. Marta Garc\u00eda, \u201cDavid David estrena su \u00f3pera prima \u201cLa frontera\u201d en el Festival de El Cairo\u201d, p\u00e1gina web: Latamcinema.com<\/p>\n\n\n\n<p>Online en: <a href=\"https:\/\/www.latamcinema.com\/entrevistas\/david-david-director-dla-frontera-minimalismo-de-otredad-y-resiliencia\/\">https:\/\/www.latamcinema.com\/entrevistas\/david-david-director-dla-frontera-minimalismo-de-otredad-y-resiliencia\/<\/a><\/p>\n","protected":false},"excerpt":{"rendered":"<p>Ingrid \u00dasuga O.<\/p>\n","protected":false},"author":1,"featured_media":2424,"comment_status":"closed","ping_status":"closed","sticky":false,"template":"","format":"standard","meta":{"footnotes":""},"categories":[4],"tags":[16],"class_list":["post-2423","post","type-post","status-publish","format-standard","has-post-thumbnail","hentry","category-criticas","tag-criticas"],"yoast_head":"<!-- This site is optimized with the Yoast SEO plugin v26.5 - https:\/\/yoast.com\/wordpress\/plugins\/seo\/ -->\n<title>La frontera, de David David C. - CANAGUARO - Revista de cine colombiano - Primera edici\u00f3n<\/title>\n<meta name=\"robots\" content=\"index, follow, max-snippet:-1, max-image-preview:large, max-video-preview:-1\" \/>\n<link rel=\"canonical\" href=\"https:\/\/canaguaro.cinefagos.net\/n01\/la-frontera-de-david-david-c\/\" \/>\n<meta property=\"og:locale\" content=\"en_US\" \/>\n<meta property=\"og:type\" content=\"article\" \/>\n<meta property=\"og:title\" content=\"La frontera, de David David C. - CANAGUARO - Revista de cine colombiano - Primera edici\u00f3n\" \/>\n<meta property=\"og:description\" content=\"Ingrid \u00dasuga O.\" \/>\n<meta property=\"og:url\" content=\"https:\/\/canaguaro.cinefagos.net\/n01\/la-frontera-de-david-david-c\/\" \/>\n<meta property=\"og:site_name\" content=\"CANAGUARO - Revista de cine colombiano - Primera edici\u00f3n\" \/>\n<meta property=\"article:published_time\" content=\"2020-12-11T16:29:54+00:00\" \/>\n<meta property=\"og:image\" content=\"https:\/\/canaguaro.cinefagos.net\/n01\/wp-content\/uploads\/sites\/2\/2020\/12\/lafrontera-latamcinema.com_.jpg\" \/>\n\t<meta property=\"og:image:width\" content=\"1170\" \/>\n\t<meta property=\"og:image:height\" content=\"600\" \/>\n\t<meta property=\"og:image:type\" content=\"image\/jpeg\" \/>\n<meta name=\"author\" content=\"admin\" \/>\n<meta name=\"twitter:card\" content=\"summary_large_image\" \/>\n<meta name=\"twitter:label1\" content=\"Written by\" \/>\n\t<meta name=\"twitter:data1\" content=\"admin\" \/>\n\t<meta name=\"twitter:label2\" content=\"Est. reading time\" \/>\n\t<meta name=\"twitter:data2\" content=\"5 minutes\" \/>\n<script type=\"application\/ld+json\" class=\"yoast-schema-graph\">{\"@context\":\"https:\/\/schema.org\",\"@graph\":[{\"@type\":\"WebPage\",\"@id\":\"https:\/\/canaguaro.cinefagos.net\/n01\/la-frontera-de-david-david-c\/\",\"url\":\"https:\/\/canaguaro.cinefagos.net\/n01\/la-frontera-de-david-david-c\/\",\"name\":\"La frontera, de David David C. - CANAGUARO - Revista de cine colombiano - Primera edici\u00f3n\",\"isPartOf\":{\"@id\":\"https:\/\/canaguaro.cinefagos.net\/n01\/#website\"},\"primaryImageOfPage\":{\"@id\":\"https:\/\/canaguaro.cinefagos.net\/n01\/la-frontera-de-david-david-c\/#primaryimage\"},\"image\":{\"@id\":\"https:\/\/canaguaro.cinefagos.net\/n01\/la-frontera-de-david-david-c\/#primaryimage\"},\"thumbnailUrl\":\"https:\/\/canaguaro.cinefagos.net\/n01\/wp-content\/uploads\/sites\/2\/2020\/12\/lafrontera-latamcinema.com_.jpg\",\"datePublished\":\"2020-12-11T16:29:54+00:00\",\"author\":{\"@id\":\"https:\/\/canaguaro.cinefagos.net\/n01\/#\/schema\/person\/e08bd89ff0fc2cab36e00254c8fe7c30\"},\"breadcrumb\":{\"@id\":\"https:\/\/canaguaro.cinefagos.net\/n01\/la-frontera-de-david-david-c\/#breadcrumb\"},\"inLanguage\":\"en-US\",\"potentialAction\":[{\"@type\":\"ReadAction\",\"target\":[\"https:\/\/canaguaro.cinefagos.net\/n01\/la-frontera-de-david-david-c\/\"]}]},{\"@type\":\"ImageObject\",\"inLanguage\":\"en-US\",\"@id\":\"https:\/\/canaguaro.cinefagos.net\/n01\/la-frontera-de-david-david-c\/#primaryimage\",\"url\":\"https:\/\/canaguaro.cinefagos.net\/n01\/wp-content\/uploads\/sites\/2\/2020\/12\/lafrontera-latamcinema.com_.jpg\",\"contentUrl\":\"https:\/\/canaguaro.cinefagos.net\/n01\/wp-content\/uploads\/sites\/2\/2020\/12\/lafrontera-latamcinema.com_.jpg\",\"width\":1170,\"height\":600},{\"@type\":\"BreadcrumbList\",\"@id\":\"https:\/\/canaguaro.cinefagos.net\/n01\/la-frontera-de-david-david-c\/#breadcrumb\",\"itemListElement\":[{\"@type\":\"ListItem\",\"position\":1,\"name\":\"Home\",\"item\":\"https:\/\/canaguaro.cinefagos.net\/n01\/\"},{\"@type\":\"ListItem\",\"position\":2,\"name\":\"La frontera, de David David C.\"}]},{\"@type\":\"WebSite\",\"@id\":\"https:\/\/canaguaro.cinefagos.net\/n01\/#website\",\"url\":\"https:\/\/canaguaro.cinefagos.net\/n01\/\",\"name\":\"CANAGUARO - Revista de cine colombiano - Primera edici\u00f3n\",\"description\":\"Revista de cine colombiano\",\"potentialAction\":[{\"@type\":\"SearchAction\",\"target\":{\"@type\":\"EntryPoint\",\"urlTemplate\":\"https:\/\/canaguaro.cinefagos.net\/n01\/?s={search_term_string}\"},\"query-input\":{\"@type\":\"PropertyValueSpecification\",\"valueRequired\":true,\"valueName\":\"search_term_string\"}}],\"inLanguage\":\"en-US\"},{\"@type\":\"Person\",\"@id\":\"https:\/\/canaguaro.cinefagos.net\/n01\/#\/schema\/person\/e08bd89ff0fc2cab36e00254c8fe7c30\",\"name\":\"admin\",\"image\":{\"@type\":\"ImageObject\",\"inLanguage\":\"en-US\",\"@id\":\"https:\/\/canaguaro.cinefagos.net\/n01\/#\/schema\/person\/image\/\",\"url\":\"https:\/\/secure.gravatar.com\/avatar\/6bfb5e7ea347ed86f579ece251577a81a1cffe3c7c84a4cbc01e5de982797880?s=96&d=mm&r=g\",\"contentUrl\":\"https:\/\/secure.gravatar.com\/avatar\/6bfb5e7ea347ed86f579ece251577a81a1cffe3c7c84a4cbc01e5de982797880?s=96&d=mm&r=g\",\"caption\":\"admin\"},\"sameAs\":[\"http:\/\/canaguaro.cinefagos.net\"],\"url\":\"https:\/\/canaguaro.cinefagos.net\/n01\/author\/admin\/\"}]}<\/script>\n<!-- \/ Yoast SEO plugin. -->","yoast_head_json":{"title":"La frontera, de David David C. - CANAGUARO - Revista de cine colombiano - Primera edici\u00f3n","robots":{"index":"index","follow":"follow","max-snippet":"max-snippet:-1","max-image-preview":"max-image-preview:large","max-video-preview":"max-video-preview:-1"},"canonical":"https:\/\/canaguaro.cinefagos.net\/n01\/la-frontera-de-david-david-c\/","og_locale":"en_US","og_type":"article","og_title":"La frontera, de David David C. - CANAGUARO - Revista de cine colombiano - Primera edici\u00f3n","og_description":"Ingrid \u00dasuga O.","og_url":"https:\/\/canaguaro.cinefagos.net\/n01\/la-frontera-de-david-david-c\/","og_site_name":"CANAGUARO - Revista de cine colombiano - Primera edici\u00f3n","article_published_time":"2020-12-11T16:29:54+00:00","og_image":[{"width":1170,"height":600,"url":"https:\/\/canaguaro.cinefagos.net\/n01\/wp-content\/uploads\/sites\/2\/2020\/12\/lafrontera-latamcinema.com_.jpg","type":"image\/jpeg"}],"author":"admin","twitter_card":"summary_large_image","twitter_misc":{"Written by":"admin","Est. reading time":"5 minutes"},"schema":{"@context":"https:\/\/schema.org","@graph":[{"@type":"WebPage","@id":"https:\/\/canaguaro.cinefagos.net\/n01\/la-frontera-de-david-david-c\/","url":"https:\/\/canaguaro.cinefagos.net\/n01\/la-frontera-de-david-david-c\/","name":"La frontera, de David David C. - CANAGUARO - Revista de cine colombiano - Primera edici\u00f3n","isPartOf":{"@id":"https:\/\/canaguaro.cinefagos.net\/n01\/#website"},"primaryImageOfPage":{"@id":"https:\/\/canaguaro.cinefagos.net\/n01\/la-frontera-de-david-david-c\/#primaryimage"},"image":{"@id":"https:\/\/canaguaro.cinefagos.net\/n01\/la-frontera-de-david-david-c\/#primaryimage"},"thumbnailUrl":"https:\/\/canaguaro.cinefagos.net\/n01\/wp-content\/uploads\/sites\/2\/2020\/12\/lafrontera-latamcinema.com_.jpg","datePublished":"2020-12-11T16:29:54+00:00","author":{"@id":"https:\/\/canaguaro.cinefagos.net\/n01\/#\/schema\/person\/e08bd89ff0fc2cab36e00254c8fe7c30"},"breadcrumb":{"@id":"https:\/\/canaguaro.cinefagos.net\/n01\/la-frontera-de-david-david-c\/#breadcrumb"},"inLanguage":"en-US","potentialAction":[{"@type":"ReadAction","target":["https:\/\/canaguaro.cinefagos.net\/n01\/la-frontera-de-david-david-c\/"]}]},{"@type":"ImageObject","inLanguage":"en-US","@id":"https:\/\/canaguaro.cinefagos.net\/n01\/la-frontera-de-david-david-c\/#primaryimage","url":"https:\/\/canaguaro.cinefagos.net\/n01\/wp-content\/uploads\/sites\/2\/2020\/12\/lafrontera-latamcinema.com_.jpg","contentUrl":"https:\/\/canaguaro.cinefagos.net\/n01\/wp-content\/uploads\/sites\/2\/2020\/12\/lafrontera-latamcinema.com_.jpg","width":1170,"height":600},{"@type":"BreadcrumbList","@id":"https:\/\/canaguaro.cinefagos.net\/n01\/la-frontera-de-david-david-c\/#breadcrumb","itemListElement":[{"@type":"ListItem","position":1,"name":"Home","item":"https:\/\/canaguaro.cinefagos.net\/n01\/"},{"@type":"ListItem","position":2,"name":"La frontera, de David David C."}]},{"@type":"WebSite","@id":"https:\/\/canaguaro.cinefagos.net\/n01\/#website","url":"https:\/\/canaguaro.cinefagos.net\/n01\/","name":"CANAGUARO - Revista de cine colombiano - Primera edici\u00f3n","description":"Revista de cine colombiano","potentialAction":[{"@type":"SearchAction","target":{"@type":"EntryPoint","urlTemplate":"https:\/\/canaguaro.cinefagos.net\/n01\/?s={search_term_string}"},"query-input":{"@type":"PropertyValueSpecification","valueRequired":true,"valueName":"search_term_string"}}],"inLanguage":"en-US"},{"@type":"Person","@id":"https:\/\/canaguaro.cinefagos.net\/n01\/#\/schema\/person\/e08bd89ff0fc2cab36e00254c8fe7c30","name":"admin","image":{"@type":"ImageObject","inLanguage":"en-US","@id":"https:\/\/canaguaro.cinefagos.net\/n01\/#\/schema\/person\/image\/","url":"https:\/\/secure.gravatar.com\/avatar\/6bfb5e7ea347ed86f579ece251577a81a1cffe3c7c84a4cbc01e5de982797880?s=96&d=mm&r=g","contentUrl":"https:\/\/secure.gravatar.com\/avatar\/6bfb5e7ea347ed86f579ece251577a81a1cffe3c7c84a4cbc01e5de982797880?s=96&d=mm&r=g","caption":"admin"},"sameAs":["http:\/\/canaguaro.cinefagos.net"],"url":"https:\/\/canaguaro.cinefagos.net\/n01\/author\/admin\/"}]}},"_links":{"self":[{"href":"https:\/\/canaguaro.cinefagos.net\/n01\/wp-json\/wp\/v2\/posts\/2423","targetHints":{"allow":["GET"]}}],"collection":[{"href":"https:\/\/canaguaro.cinefagos.net\/n01\/wp-json\/wp\/v2\/posts"}],"about":[{"href":"https:\/\/canaguaro.cinefagos.net\/n01\/wp-json\/wp\/v2\/types\/post"}],"author":[{"embeddable":true,"href":"https:\/\/canaguaro.cinefagos.net\/n01\/wp-json\/wp\/v2\/users\/1"}],"replies":[{"embeddable":true,"href":"https:\/\/canaguaro.cinefagos.net\/n01\/wp-json\/wp\/v2\/comments?post=2423"}],"version-history":[{"count":0,"href":"https:\/\/canaguaro.cinefagos.net\/n01\/wp-json\/wp\/v2\/posts\/2423\/revisions"}],"wp:featuredmedia":[{"embeddable":true,"href":"https:\/\/canaguaro.cinefagos.net\/n01\/wp-json\/wp\/v2\/media\/2424"}],"wp:attachment":[{"href":"https:\/\/canaguaro.cinefagos.net\/n01\/wp-json\/wp\/v2\/media?parent=2423"}],"wp:term":[{"taxonomy":"category","embeddable":true,"href":"https:\/\/canaguaro.cinefagos.net\/n01\/wp-json\/wp\/v2\/categories?post=2423"},{"taxonomy":"post_tag","embeddable":true,"href":"https:\/\/canaguaro.cinefagos.net\/n01\/wp-json\/wp\/v2\/tags?post=2423"}],"curies":[{"name":"wp","href":"https:\/\/api.w.org\/{rel}","templated":true}]}}