{"id":2429,"date":"2020-12-11T16:34:38","date_gmt":"2020-12-11T16:34:38","guid":{"rendered":"http:\/\/canaguaro.cinefagos.net\/?p=2429"},"modified":"2020-12-11T16:34:38","modified_gmt":"2020-12-11T16:34:38","slug":"mariana-de-chris-gude","status":"publish","type":"post","link":"https:\/\/canaguaro.cinefagos.net\/n01\/mariana-de-chris-gude\/","title":{"rendered":"Mariana, de Chris Gude"},"content":{"rendered":"\n<p class=\"autor\">Luisa M. C\u00e1rdenas<\/p>\n\n\n\n<div class=\"wp-block-image\"><figure class=\"aligncenter size-large\"><img loading=\"lazy\" decoding=\"async\" width=\"22\" height=\"8\" src=\"http:\/\/canaguaro.cinefagos.net\/n01\/wp-content\/uploads\/sites\/2\/2020\/12\/sep-1.png\" alt=\"\" class=\"wp-image-2923\" \/><\/figure><\/div>\n\n\n\n<p class=\"has-text-align-right\"><em>A veces melanc\u00f3lico me hundo<br>en mi noche de escombros y miserias,<br>y caigo en un silencio tan profundo<br>que escucho hasta el latir de mis arterias.<br>Fragmento de Abstracci\u00f3n \u2013Julio Fl\u00f3rez\u2013<\/em><\/p>\n\n\n\n<p><br><\/p>\n\n\n\n<p class=\"entradilla\"><em>Mariana<\/em> es una mujer, una pel\u00edcula con sensibilidad de f\u00e9mina, una pel\u00edcula con nombre de mujer, que no trata sobre una mujer. (Es curiosamente hecha por un equipo de hombres). Es decir, al nombrarla <em>mujer<\/em>, ella, esa f\u00e9mina, es poes\u00eda visual y palabras po\u00e9ticas, es concepto y pensamiento. Sus di\u00e1logos son mucho m\u00e1s que frases cotidianas, son palaras construidas para significar y exaltar lo que a o\u00eddos triviales puede sonar indescifrable y mon\u00f3tono.<\/p>\n\n\n\n<div class=\"wp-block-image\"><figure class=\"aligncenter size-large\"><img loading=\"lazy\" decoding=\"async\" width=\"1024\" height=\"576\" src=\"http:\/\/canaguaro.cinefagos.net\/wp-content\/uploads\/2020\/12\/Mariana-1024x576.jpg\" alt=\"\" class=\"wp-image-2430\" srcset=\"https:\/\/canaguaro.cinefagos.net\/n01\/wp-content\/uploads\/sites\/2\/2020\/12\/Mariana-1024x576.jpg 1024w, https:\/\/canaguaro.cinefagos.net\/n01\/wp-content\/uploads\/sites\/2\/2020\/12\/Mariana-300x169.jpg 300w, https:\/\/canaguaro.cinefagos.net\/n01\/wp-content\/uploads\/sites\/2\/2020\/12\/Mariana-768x432.jpg 768w, https:\/\/canaguaro.cinefagos.net\/n01\/wp-content\/uploads\/sites\/2\/2020\/12\/Mariana-1536x864.jpg 1536w, https:\/\/canaguaro.cinefagos.net\/n01\/wp-content\/uploads\/sites\/2\/2020\/12\/Mariana-1568x882.jpg 1568w, https:\/\/canaguaro.cinefagos.net\/n01\/wp-content\/uploads\/sites\/2\/2020\/12\/Mariana.jpg 1920w\" sizes=\"auto, (max-width: 1024px) 100vw, 1024px\" \/><\/figure><\/div>\n\n\n\n<p>Por m\u00e1s que sean palabras simples, en realidad dicen mucho m\u00e1s de lo que aparentan. Los di\u00e1logos tienen de po\u00e9tico lo que no tienen de naturalistas, se perciben bastante construidos, aunque no es una fatalidad para la pel\u00edcula, pues es su car\u00e1cter. Su ritmo pausado y los silencios que acompa\u00f1an dan tiempo suficiente para su acogida y para acariciarlos con pensamientos.<\/p>\n\n\n\n<p>En <em>Mariana<\/em> se sienten dos partes, dos alas de una mariposa. El nombre aparece aproximadamente en la mitad de la pel\u00edcula, donde se separan esas dos partes. Las dos no son lejanas la una de la otra, pero tienen un <em>nosequ\u00e9<\/em> diferente cada una; son complementarias, como el azul y el naranja, y ambas crean a <em>Mariana. <\/em>En la segunda, todo se dibuja m\u00e1s hacia la poes\u00eda que la primera.<\/p>\n\n\n\n<p>En ambas partes se desborda un filamento de abstracci\u00f3n, proveniente de reflexiones m\u00e1s profundas que la profundidad de campo de sus planos generales. Aunque no se trata de un Pollock, al contrario, se trata de un Edward Hopper. Entre planos y situaciones cotidianas hay un ritmo marcado por la observaci\u00f3n que permite encontrar esa ligera abstracci\u00f3n, tanto en los personajes y sus vivencias como en todo su entorno. Con esto, para algunos puede ser aburrida o tediosa, sin embargo, para otros una oportunidad de observaci\u00f3n inminente, un momento de reflexi\u00f3n intensa, una v\u00eda hacia la interpretaci\u00f3n que vuela. Todo a partir de aquello que nos entrega la pantalla con cada escena.<\/p>\n\n\n\n<blockquote class=\"wp-block-quote is-layout-flow wp-block-quote-is-layout-flow\"><p>&#8230;para algunos puede ser aburrida o tediosa, sin embargo, para otros una oportunidad de observaci\u00f3n inminente, un momento de reflexi\u00f3n intensa, una v\u00eda hacia la interpretaci\u00f3n que vuela.<\/p><\/blockquote>\n\n\n\n<p>Ver dos hombres jugando a enfrentar la nada con hacer nada en medio de una casa abandonada y destruida por el <em>olvido<\/em>\u2026 evoca aquella acci\u00f3n que hac\u00edamos en la infancia o la adolescencia. Esa de acostarse a mirar las nubes e intentar encontrar figuras en ellas, por el puro hecho de pasar el tiempo. Eso, queridos lectores, es poes\u00eda. S\u00ed, de ni\u00f1as, de ni\u00f1os, \u00e9ramos cuerpos po\u00e9ticos, un acercamiento al ser, al ser esencial, sin obligaci\u00f3n con el paso de los minutos.<\/p>\n\n\n\n<p>Ellos, los personajes, est\u00e1n en una deriva, en un mar de inercias que reflejan ese acercamiento que tanto se nos ha reprimido, por los quehaceres cotidianos, por las obligaciones, por la patria y el juego de sobrevivir en un pa\u00eds latinoamericano. <em>Mariana<\/em>, entre su poes\u00eda y su car\u00e1cter conceptual, es una f\u00e9mina pol\u00edtica que nos presenta un discurso encriptado desde su postura del ser.<\/p>\n\n\n\n<p>Eso es el cine de Chris Gude, el director de esta pel\u00edcula, una postura pol\u00edtica desde la poes\u00eda visual. \u201cEstamos muertos, pero no ca\u00eddos mi hermano\u201d dice el personaje principal en <em>Mambo Cool,<\/em> la primera pel\u00edcula de Gude. Aqu\u00ed en <em>Mariana<\/em>, se dice: \u201cLa tierra es innavegable mi hermano\u201d, \u201cLa tierra es el show m\u00e1s grande que hay\u201d, muchos minutos despu\u00e9s de escuchar un discurso de Ch\u00e1vez en voz en off donde habla sobre Bol\u00edvar y la patria. Durante todo, vemos planos bell\u00edsimos, pigmentados, con encuadres sim\u00e9tricos, decorados de soles y sombras sublimadoras. \u201cEl techo que daba sombra y consuelo ahora es el tapiz de este templo, si lo pisas se quiebra\u201d recita el personaje de <em>Mariana <\/em>en medio de las ruinas, mientras escuchamos sus pasos resquebrajando trozos de baldosa y de fondo resuenan los chamizos guajiros al ritmo del viento.<\/p>\n\n\n\n<p><em>Mariana<\/em> se hace en un espacio distinto a <em>Mambo Cool<\/em>, pero en las dos encontramos un estilo que nos presenta Gude, tan particular dentro del cine colombiano. Una forma de mostrar las cosas que nos obliga a pensar y nos permite revolotear las cavilaciones. Eso s\u00ed, <em>Mariana<\/em> peca de imitar algunas escenas de <em>Mambo Cool<\/em>, con lo cual nos podemos sentir traicionados por ver de nuevo algo ya visto o, tal vez, mimados por encontrar un estilo plasmado que repite lo valioso: la belleza, la poes\u00eda. \u201c(\u2026) La vida\u201d \u2013dice un personaje joven y secundario de <em>Mariana<\/em>, quien juega con un control remoto mientras ve televisi\u00f3n recostado en la cama. \u201c\u00bfHasta cu\u00e1ndo?\u201d \u2013Pregunta el personaje principal, \u201cHasta que nosotros queramos\u201d\u2013responde el joven del control.<\/p>\n\n\n\n<p><br><br><br><br><br><\/p>\n","protected":false},"excerpt":{"rendered":"<p>Luisa M. C\u00e1rdenas<\/p>\n","protected":false},"author":1,"featured_media":2430,"comment_status":"closed","ping_status":"closed","sticky":false,"template":"","format":"standard","meta":{"footnotes":""},"categories":[4],"tags":[16],"class_list":["post-2429","post","type-post","status-publish","format-standard","has-post-thumbnail","hentry","category-criticas","tag-criticas"],"yoast_head":"<!-- This site is optimized with the Yoast SEO plugin v26.5 - https:\/\/yoast.com\/wordpress\/plugins\/seo\/ -->\n<title>Mariana, de Chris Gude - CANAGUARO - Revista de cine colombiano - Primera edici\u00f3n<\/title>\n<meta name=\"robots\" content=\"index, follow, max-snippet:-1, max-image-preview:large, max-video-preview:-1\" \/>\n<link rel=\"canonical\" href=\"https:\/\/canaguaro.cinefagos.net\/n01\/mariana-de-chris-gude\/\" \/>\n<meta property=\"og:locale\" content=\"en_US\" \/>\n<meta property=\"og:type\" content=\"article\" \/>\n<meta property=\"og:title\" content=\"Mariana, de Chris Gude - CANAGUARO - Revista de cine colombiano - Primera edici\u00f3n\" \/>\n<meta property=\"og:description\" content=\"Luisa M. C\u00e1rdenas\" \/>\n<meta property=\"og:url\" content=\"https:\/\/canaguaro.cinefagos.net\/n01\/mariana-de-chris-gude\/\" \/>\n<meta property=\"og:site_name\" content=\"CANAGUARO - Revista de cine colombiano - Primera edici\u00f3n\" \/>\n<meta property=\"article:published_time\" content=\"2020-12-11T16:34:38+00:00\" \/>\n<meta property=\"og:image\" content=\"https:\/\/canaguaro.cinefagos.net\/n01\/wp-content\/uploads\/sites\/2\/2020\/12\/Mariana.jpg\" \/>\n\t<meta property=\"og:image:width\" content=\"1920\" \/>\n\t<meta property=\"og:image:height\" content=\"1080\" \/>\n\t<meta property=\"og:image:type\" content=\"image\/jpeg\" \/>\n<meta name=\"author\" content=\"admin\" \/>\n<meta name=\"twitter:card\" content=\"summary_large_image\" \/>\n<meta name=\"twitter:label1\" content=\"Written by\" \/>\n\t<meta name=\"twitter:data1\" content=\"admin\" \/>\n\t<meta name=\"twitter:label2\" content=\"Est. reading time\" \/>\n\t<meta name=\"twitter:data2\" content=\"4 minutes\" \/>\n<script type=\"application\/ld+json\" class=\"yoast-schema-graph\">{\"@context\":\"https:\/\/schema.org\",\"@graph\":[{\"@type\":\"WebPage\",\"@id\":\"https:\/\/canaguaro.cinefagos.net\/n01\/mariana-de-chris-gude\/\",\"url\":\"https:\/\/canaguaro.cinefagos.net\/n01\/mariana-de-chris-gude\/\",\"name\":\"Mariana, de Chris Gude - CANAGUARO - Revista de cine colombiano - Primera edici\u00f3n\",\"isPartOf\":{\"@id\":\"https:\/\/canaguaro.cinefagos.net\/n01\/#website\"},\"primaryImageOfPage\":{\"@id\":\"https:\/\/canaguaro.cinefagos.net\/n01\/mariana-de-chris-gude\/#primaryimage\"},\"image\":{\"@id\":\"https:\/\/canaguaro.cinefagos.net\/n01\/mariana-de-chris-gude\/#primaryimage\"},\"thumbnailUrl\":\"https:\/\/canaguaro.cinefagos.net\/n01\/wp-content\/uploads\/sites\/2\/2020\/12\/Mariana.jpg\",\"datePublished\":\"2020-12-11T16:34:38+00:00\",\"author\":{\"@id\":\"https:\/\/canaguaro.cinefagos.net\/n01\/#\/schema\/person\/e08bd89ff0fc2cab36e00254c8fe7c30\"},\"breadcrumb\":{\"@id\":\"https:\/\/canaguaro.cinefagos.net\/n01\/mariana-de-chris-gude\/#breadcrumb\"},\"inLanguage\":\"en-US\",\"potentialAction\":[{\"@type\":\"ReadAction\",\"target\":[\"https:\/\/canaguaro.cinefagos.net\/n01\/mariana-de-chris-gude\/\"]}]},{\"@type\":\"ImageObject\",\"inLanguage\":\"en-US\",\"@id\":\"https:\/\/canaguaro.cinefagos.net\/n01\/mariana-de-chris-gude\/#primaryimage\",\"url\":\"https:\/\/canaguaro.cinefagos.net\/n01\/wp-content\/uploads\/sites\/2\/2020\/12\/Mariana.jpg\",\"contentUrl\":\"https:\/\/canaguaro.cinefagos.net\/n01\/wp-content\/uploads\/sites\/2\/2020\/12\/Mariana.jpg\",\"width\":1920,\"height\":1080},{\"@type\":\"BreadcrumbList\",\"@id\":\"https:\/\/canaguaro.cinefagos.net\/n01\/mariana-de-chris-gude\/#breadcrumb\",\"itemListElement\":[{\"@type\":\"ListItem\",\"position\":1,\"name\":\"Home\",\"item\":\"https:\/\/canaguaro.cinefagos.net\/n01\/\"},{\"@type\":\"ListItem\",\"position\":2,\"name\":\"Mariana, de Chris Gude\"}]},{\"@type\":\"WebSite\",\"@id\":\"https:\/\/canaguaro.cinefagos.net\/n01\/#website\",\"url\":\"https:\/\/canaguaro.cinefagos.net\/n01\/\",\"name\":\"CANAGUARO - Revista de cine colombiano - Primera edici\u00f3n\",\"description\":\"Revista de cine colombiano\",\"potentialAction\":[{\"@type\":\"SearchAction\",\"target\":{\"@type\":\"EntryPoint\",\"urlTemplate\":\"https:\/\/canaguaro.cinefagos.net\/n01\/?s={search_term_string}\"},\"query-input\":{\"@type\":\"PropertyValueSpecification\",\"valueRequired\":true,\"valueName\":\"search_term_string\"}}],\"inLanguage\":\"en-US\"},{\"@type\":\"Person\",\"@id\":\"https:\/\/canaguaro.cinefagos.net\/n01\/#\/schema\/person\/e08bd89ff0fc2cab36e00254c8fe7c30\",\"name\":\"admin\",\"image\":{\"@type\":\"ImageObject\",\"inLanguage\":\"en-US\",\"@id\":\"https:\/\/canaguaro.cinefagos.net\/n01\/#\/schema\/person\/image\/\",\"url\":\"https:\/\/secure.gravatar.com\/avatar\/6bfb5e7ea347ed86f579ece251577a81a1cffe3c7c84a4cbc01e5de982797880?s=96&d=mm&r=g\",\"contentUrl\":\"https:\/\/secure.gravatar.com\/avatar\/6bfb5e7ea347ed86f579ece251577a81a1cffe3c7c84a4cbc01e5de982797880?s=96&d=mm&r=g\",\"caption\":\"admin\"},\"sameAs\":[\"http:\/\/canaguaro.cinefagos.net\"],\"url\":\"https:\/\/canaguaro.cinefagos.net\/n01\/author\/admin\/\"}]}<\/script>\n<!-- \/ Yoast SEO plugin. -->","yoast_head_json":{"title":"Mariana, de Chris Gude - CANAGUARO - Revista de cine colombiano - Primera edici\u00f3n","robots":{"index":"index","follow":"follow","max-snippet":"max-snippet:-1","max-image-preview":"max-image-preview:large","max-video-preview":"max-video-preview:-1"},"canonical":"https:\/\/canaguaro.cinefagos.net\/n01\/mariana-de-chris-gude\/","og_locale":"en_US","og_type":"article","og_title":"Mariana, de Chris Gude - CANAGUARO - Revista de cine colombiano - Primera edici\u00f3n","og_description":"Luisa M. C\u00e1rdenas","og_url":"https:\/\/canaguaro.cinefagos.net\/n01\/mariana-de-chris-gude\/","og_site_name":"CANAGUARO - Revista de cine colombiano - Primera edici\u00f3n","article_published_time":"2020-12-11T16:34:38+00:00","og_image":[{"width":1920,"height":1080,"url":"https:\/\/canaguaro.cinefagos.net\/n01\/wp-content\/uploads\/sites\/2\/2020\/12\/Mariana.jpg","type":"image\/jpeg"}],"author":"admin","twitter_card":"summary_large_image","twitter_misc":{"Written by":"admin","Est. reading time":"4 minutes"},"schema":{"@context":"https:\/\/schema.org","@graph":[{"@type":"WebPage","@id":"https:\/\/canaguaro.cinefagos.net\/n01\/mariana-de-chris-gude\/","url":"https:\/\/canaguaro.cinefagos.net\/n01\/mariana-de-chris-gude\/","name":"Mariana, de Chris Gude - CANAGUARO - Revista de cine colombiano - Primera edici\u00f3n","isPartOf":{"@id":"https:\/\/canaguaro.cinefagos.net\/n01\/#website"},"primaryImageOfPage":{"@id":"https:\/\/canaguaro.cinefagos.net\/n01\/mariana-de-chris-gude\/#primaryimage"},"image":{"@id":"https:\/\/canaguaro.cinefagos.net\/n01\/mariana-de-chris-gude\/#primaryimage"},"thumbnailUrl":"https:\/\/canaguaro.cinefagos.net\/n01\/wp-content\/uploads\/sites\/2\/2020\/12\/Mariana.jpg","datePublished":"2020-12-11T16:34:38+00:00","author":{"@id":"https:\/\/canaguaro.cinefagos.net\/n01\/#\/schema\/person\/e08bd89ff0fc2cab36e00254c8fe7c30"},"breadcrumb":{"@id":"https:\/\/canaguaro.cinefagos.net\/n01\/mariana-de-chris-gude\/#breadcrumb"},"inLanguage":"en-US","potentialAction":[{"@type":"ReadAction","target":["https:\/\/canaguaro.cinefagos.net\/n01\/mariana-de-chris-gude\/"]}]},{"@type":"ImageObject","inLanguage":"en-US","@id":"https:\/\/canaguaro.cinefagos.net\/n01\/mariana-de-chris-gude\/#primaryimage","url":"https:\/\/canaguaro.cinefagos.net\/n01\/wp-content\/uploads\/sites\/2\/2020\/12\/Mariana.jpg","contentUrl":"https:\/\/canaguaro.cinefagos.net\/n01\/wp-content\/uploads\/sites\/2\/2020\/12\/Mariana.jpg","width":1920,"height":1080},{"@type":"BreadcrumbList","@id":"https:\/\/canaguaro.cinefagos.net\/n01\/mariana-de-chris-gude\/#breadcrumb","itemListElement":[{"@type":"ListItem","position":1,"name":"Home","item":"https:\/\/canaguaro.cinefagos.net\/n01\/"},{"@type":"ListItem","position":2,"name":"Mariana, de Chris Gude"}]},{"@type":"WebSite","@id":"https:\/\/canaguaro.cinefagos.net\/n01\/#website","url":"https:\/\/canaguaro.cinefagos.net\/n01\/","name":"CANAGUARO - Revista de cine colombiano - Primera edici\u00f3n","description":"Revista de cine colombiano","potentialAction":[{"@type":"SearchAction","target":{"@type":"EntryPoint","urlTemplate":"https:\/\/canaguaro.cinefagos.net\/n01\/?s={search_term_string}"},"query-input":{"@type":"PropertyValueSpecification","valueRequired":true,"valueName":"search_term_string"}}],"inLanguage":"en-US"},{"@type":"Person","@id":"https:\/\/canaguaro.cinefagos.net\/n01\/#\/schema\/person\/e08bd89ff0fc2cab36e00254c8fe7c30","name":"admin","image":{"@type":"ImageObject","inLanguage":"en-US","@id":"https:\/\/canaguaro.cinefagos.net\/n01\/#\/schema\/person\/image\/","url":"https:\/\/secure.gravatar.com\/avatar\/6bfb5e7ea347ed86f579ece251577a81a1cffe3c7c84a4cbc01e5de982797880?s=96&d=mm&r=g","contentUrl":"https:\/\/secure.gravatar.com\/avatar\/6bfb5e7ea347ed86f579ece251577a81a1cffe3c7c84a4cbc01e5de982797880?s=96&d=mm&r=g","caption":"admin"},"sameAs":["http:\/\/canaguaro.cinefagos.net"],"url":"https:\/\/canaguaro.cinefagos.net\/n01\/author\/admin\/"}]}},"_links":{"self":[{"href":"https:\/\/canaguaro.cinefagos.net\/n01\/wp-json\/wp\/v2\/posts\/2429","targetHints":{"allow":["GET"]}}],"collection":[{"href":"https:\/\/canaguaro.cinefagos.net\/n01\/wp-json\/wp\/v2\/posts"}],"about":[{"href":"https:\/\/canaguaro.cinefagos.net\/n01\/wp-json\/wp\/v2\/types\/post"}],"author":[{"embeddable":true,"href":"https:\/\/canaguaro.cinefagos.net\/n01\/wp-json\/wp\/v2\/users\/1"}],"replies":[{"embeddable":true,"href":"https:\/\/canaguaro.cinefagos.net\/n01\/wp-json\/wp\/v2\/comments?post=2429"}],"version-history":[{"count":0,"href":"https:\/\/canaguaro.cinefagos.net\/n01\/wp-json\/wp\/v2\/posts\/2429\/revisions"}],"wp:featuredmedia":[{"embeddable":true,"href":"https:\/\/canaguaro.cinefagos.net\/n01\/wp-json\/wp\/v2\/media\/2430"}],"wp:attachment":[{"href":"https:\/\/canaguaro.cinefagos.net\/n01\/wp-json\/wp\/v2\/media?parent=2429"}],"wp:term":[{"taxonomy":"category","embeddable":true,"href":"https:\/\/canaguaro.cinefagos.net\/n01\/wp-json\/wp\/v2\/categories?post=2429"},{"taxonomy":"post_tag","embeddable":true,"href":"https:\/\/canaguaro.cinefagos.net\/n01\/wp-json\/wp\/v2\/tags?post=2429"}],"curies":[{"name":"wp","href":"https:\/\/api.w.org\/{rel}","templated":true}]}}