{"id":2432,"date":"2020-12-11T16:37:47","date_gmt":"2020-12-11T16:37:47","guid":{"rendered":"http:\/\/canaguaro.cinefagos.net\/?p=2432"},"modified":"2020-12-11T16:37:47","modified_gmt":"2020-12-11T16:37:47","slug":"el-concursante-de-carlos-osuna","status":"publish","type":"post","link":"https:\/\/canaguaro.cinefagos.net\/n01\/el-concursante-de-carlos-osuna\/","title":{"rendered":"El concursante, de Carlos Osuna"},"content":{"rendered":"\n<p class=\"autor\">Gonzalo Restrepo S\u00e1nchez<br> <span class=\"subAutor\">Escritor, cineasta y comunicador social <\/span> <\/p>\n\n\n\n<div class=\"wp-block-image\"><figure class=\"aligncenter size-large\"><img loading=\"lazy\" decoding=\"async\" width=\"22\" height=\"8\" src=\"http:\/\/canaguaro.cinefagos.net\/n01\/wp-content\/uploads\/sites\/2\/2020\/12\/sep-1.png\" alt=\"\" class=\"wp-image-2923\" \/><\/figure><\/div>\n\n\n\n<p class=\"entradilla\">Parafraseando el t\u00edtulo del libro de Kundera, pero acomodado a este an\u00e1lisis del reciente filme de Carlos Osuna, si el escritor checo plantea las dudas existenciales en torno a la vida en pareja, Osuna plantea, mediante la met\u00e1fora, la relaci\u00f3n \u201cen pareja\u201d entre el ser humano y la malparidez de la vida; a trav\u00e9s del concurso de una olla de presi\u00f3n, en pueblos desarraigados, escudri\u00f1ando la conducta humana y el tema recurrente de las injusticas sociales.<\/p>\n\n\n\n<div class=\"wp-block-image\"><figure class=\"aligncenter size-large\"><img loading=\"lazy\" decoding=\"async\" width=\"1024\" height=\"779\" src=\"http:\/\/canaguaro.cinefagos.net\/wp-content\/uploads\/2020\/12\/elconcursante-proimagenes-1024x779.jpg\" alt=\"\" class=\"wp-image-2433\" srcset=\"https:\/\/canaguaro.cinefagos.net\/n01\/wp-content\/uploads\/sites\/2\/2020\/12\/elconcursante-proimagenes-1024x779.jpg 1024w, https:\/\/canaguaro.cinefagos.net\/n01\/wp-content\/uploads\/sites\/2\/2020\/12\/elconcursante-proimagenes-300x228.jpg 300w, https:\/\/canaguaro.cinefagos.net\/n01\/wp-content\/uploads\/sites\/2\/2020\/12\/elconcursante-proimagenes-768x584.jpg 768w, https:\/\/canaguaro.cinefagos.net\/n01\/wp-content\/uploads\/sites\/2\/2020\/12\/elconcursante-proimagenes.jpg 1200w\" sizes=\"auto, (max-width: 1024px) 100vw, 1024px\" \/><\/figure><\/div>\n\n\n\n<p>Para el caso de la pel\u00edcula, el chico protagonista, Crist\u00f3bal Torres (Ronaldo Tejedor), un joven sin empleo ni estudios, habitante del barrio Nelson Mandela, de Cartagena de Indias, idealiza el inter\u00e9s de conseguir una olla para el restaurante de su mam\u00e1, quien lo amenaz\u00f3 con echarlo de la casa y del negocio si no regresaba con el aparejo. Y es que este arquetipo de seres humanos a trav\u00e9s de sus actos ling\u00fc\u00edsticos \u2014y el gracejo particular del Caribe colombiano\u2014, patentizan su disquisici\u00f3n de vivir en algunas escalas sociales marginales.<\/p>\n\n\n\n<p>Al analizar la pel\u00edcula, evitando el spoiler e independientemente de su criterio y sonoridad \u201cchampet\u00fao\u201d(1) \u2014t\u00e9rmino utilizado en alg\u00fan momento de la historia caribe\u00f1a para referirse displicente a los pobres, en su mayor\u00eda afrodescendientes y que asist\u00edan a los bailes de pic\u00f3s\u2014, Fubini (como se cit\u00f3 en Hormigos, 2010) piensa que la m\u00fasica constituye un hecho social innegable, que presenta mil engranajes de car\u00e1cter social, se inserta profundamente en la colectividad humana, recibe m\u00faltiples est\u00edmulos ambientales y crea, a su vez, nuevas relaciones entre los hombres.<\/p>\n\n\n\n<p>Otro acierto en la historia caribe\u00f1a del cineasta Osuna y despu\u00e9s de observar la pel\u00edcula, son algunos actores ocasionales y muchos de ellos habitantes de su marginalidad y su espacio. Y es que, sin la arbitrariedad subjetiva de personaje alguno, todo lo observado en la cinta debe ser as\u00ed. Ahora, el mejor concurso de la vida es persistir por lo se quiere, estemos en el terreno que queramos. \u201cY es que el hombre debe estar enfrentado al mundo con una actitud b\u00e1sicamente competitiva\u201d (Nietzsche).<\/p>\n\n\n\n<p>Esta pel\u00edcula, en clave de comedia pues, es asimismo una aproximaci\u00f3n a la idea del concurso \u2014en la vida\u2014 sobre el caos. Y es que de la diosa Caos, naci\u00f3 el destino. Caos fue la primera de todas las deidades que llegaron a la existencia en el nacimiento del cosmos. Por eso, no debemos cuestionar nada. <em>El concursante<\/em> (2019) llega al cine del Caribe colombiano \u2014aunque su cineasta no lo es\u2014, para ratificar la emoci\u00f3n sobre la marginalidad y sus consecuencias en general: que la sociedad se niega mirar a los ojos, lo que est\u00e1 a la vuelta de la esquina. Todo lo dem\u00e1s es pasajero, ante la incuestionable idea que todos nacemos para morir alg\u00fan d\u00eda.<\/p>\n\n\n\n<blockquote class=\"wp-block-quote is-layout-flow wp-block-quote-is-layout-flow\"><p>Y es que de la diosa Caos, naci\u00f3 el destino. Caos fue la primera de todas las deidades que llegaron a la existencia en el nacimiento del cosmos.<\/p><\/blockquote>\n\n\n\n<p>A veces, la ansiedad, el recelo y la confusi\u00f3n es observada en una larga fila de seres marginales en la historia de Osuna. De pronto, permite analizar una invasi\u00f3n de cuerpos, quienes sin cambiar sus \u201cvainas\u201d, por tener algo tan tangible como una simple olla, es lo m\u00e1s pr\u00f3ximo de representar un estado de \u00e1nimo en im\u00e1genes para celuloide. Y es que las filas (para los pobres y algunos ricos) permiten ver el otro lado de la vida: \u201ccallejear sin rumbo\u201d.<\/p>\n\n\n\n<p>A modo de conclusi\u00f3n, pues, la pel\u00edcula de Osuna permite toparse con una cruda realidad, sin el tono fr\u00edo e indiferente que mimetiza las actitudes de algunos j\u00f3venes de estas barriadas, para quienes cualquier adjetivo de desaliento o desmoralizador, el dios Caos les da algunas coordenadas para subsistir. Esta forma de habitar el mundo, parece, substancialmente, la uni\u00f3n de dos grandes vac\u00edos: el del muchacho al que encarna Rolando Tejedor y sus motivaciones finales.<\/p>\n\n\n\n<p>As\u00ed que son diversas las voces sobre el orden social, la abyecci\u00f3n y la marginalidad en el cine colombiano de largometrajes de ficci\u00f3n. Adem\u00e1s, con rasgos distintivos en todas las cintas donde se exponen la violencia y la penuria. El cineasta brasilero Glauber Rocha \u2014<em>Dios y el diablo en la tierra del sol<\/em> (Deus e o Diabo na Terra do Sol, 1964)\u2014 hizo en su momento su atinado alegato al sectarismo, a la intimidaci\u00f3n y a la pobreza en Am\u00e9rica Latina, con el agregado de fanatismo y rituales violentos del hombre, para luego rebelarse contra la iniquidad y las falsas deidades.&nbsp;&nbsp;<\/p>\n\n\n\n<p>(1) En ese sentido, \u201cchampet\u00fao\u201d, o de \u201cclase baja\u201d son utilizados como eufemismo de \u201cnegro\u201d. Ese es un punto de partida poderoso para comprender el espacio en el que surge la champeta. En palabras de Catalina Ruiz-Navarro: \u201cEl Joe (el gran Joe) acostumbraba a decir en sus discos \u2018champet\u00fao\u2019 haciendo un llamado a su historia, a su raza, a su barrio de negros pobres a los que llamaban \u2018champetas\u2019, un mote que antes se usaba para referirse a un cuchillo hechizo, oxidado y sin filo: lo m\u00e1s burdo de lo burdo; una palabra que alguien pens\u00f3 id\u00f3nea para referirse a los negros de la ciudad\u201d (Gabriel Corredor Aristizabal).&nbsp;&nbsp;&nbsp;&nbsp;&nbsp;&nbsp;<\/p>\n","protected":false},"excerpt":{"rendered":"<p>Gonzalo Restrepo S\u00e1nchez<\/p>\n","protected":false},"author":1,"featured_media":2433,"comment_status":"closed","ping_status":"closed","sticky":false,"template":"","format":"standard","meta":{"footnotes":""},"categories":[4],"tags":[16],"class_list":["post-2432","post","type-post","status-publish","format-standard","has-post-thumbnail","hentry","category-criticas","tag-criticas"],"yoast_head":"<!-- This site is optimized with the Yoast SEO plugin v26.5 - https:\/\/yoast.com\/wordpress\/plugins\/seo\/ -->\n<title>El concursante, de Carlos Osuna - CANAGUARO - Revista de cine colombiano - Primera edici\u00f3n<\/title>\n<meta name=\"robots\" content=\"index, follow, max-snippet:-1, max-image-preview:large, max-video-preview:-1\" \/>\n<link rel=\"canonical\" href=\"https:\/\/canaguaro.cinefagos.net\/n01\/el-concursante-de-carlos-osuna\/\" \/>\n<meta property=\"og:locale\" content=\"en_US\" \/>\n<meta property=\"og:type\" content=\"article\" \/>\n<meta property=\"og:title\" content=\"El concursante, de Carlos Osuna - CANAGUARO - Revista de cine colombiano - Primera edici\u00f3n\" \/>\n<meta property=\"og:description\" content=\"Gonzalo Restrepo S\u00e1nchez\" \/>\n<meta property=\"og:url\" content=\"https:\/\/canaguaro.cinefagos.net\/n01\/el-concursante-de-carlos-osuna\/\" \/>\n<meta property=\"og:site_name\" content=\"CANAGUARO - Revista de cine colombiano - Primera edici\u00f3n\" \/>\n<meta property=\"article:published_time\" content=\"2020-12-11T16:37:47+00:00\" \/>\n<meta property=\"og:image\" content=\"https:\/\/canaguaro.cinefagos.net\/n01\/wp-content\/uploads\/sites\/2\/2020\/12\/elconcursante-proimagenes.jpg\" \/>\n\t<meta property=\"og:image:width\" content=\"1200\" \/>\n\t<meta property=\"og:image:height\" content=\"913\" \/>\n\t<meta property=\"og:image:type\" content=\"image\/jpeg\" \/>\n<meta name=\"author\" content=\"admin\" \/>\n<meta name=\"twitter:card\" content=\"summary_large_image\" \/>\n<meta name=\"twitter:label1\" content=\"Written by\" \/>\n\t<meta name=\"twitter:data1\" content=\"admin\" \/>\n\t<meta name=\"twitter:label2\" content=\"Est. reading time\" \/>\n\t<meta name=\"twitter:data2\" content=\"5 minutes\" \/>\n<script type=\"application\/ld+json\" class=\"yoast-schema-graph\">{\"@context\":\"https:\/\/schema.org\",\"@graph\":[{\"@type\":\"WebPage\",\"@id\":\"https:\/\/canaguaro.cinefagos.net\/n01\/el-concursante-de-carlos-osuna\/\",\"url\":\"https:\/\/canaguaro.cinefagos.net\/n01\/el-concursante-de-carlos-osuna\/\",\"name\":\"El concursante, de Carlos Osuna - CANAGUARO - Revista de cine colombiano - Primera edici\u00f3n\",\"isPartOf\":{\"@id\":\"https:\/\/canaguaro.cinefagos.net\/n01\/#website\"},\"primaryImageOfPage\":{\"@id\":\"https:\/\/canaguaro.cinefagos.net\/n01\/el-concursante-de-carlos-osuna\/#primaryimage\"},\"image\":{\"@id\":\"https:\/\/canaguaro.cinefagos.net\/n01\/el-concursante-de-carlos-osuna\/#primaryimage\"},\"thumbnailUrl\":\"https:\/\/canaguaro.cinefagos.net\/n01\/wp-content\/uploads\/sites\/2\/2020\/12\/elconcursante-proimagenes.jpg\",\"datePublished\":\"2020-12-11T16:37:47+00:00\",\"author\":{\"@id\":\"https:\/\/canaguaro.cinefagos.net\/n01\/#\/schema\/person\/e08bd89ff0fc2cab36e00254c8fe7c30\"},\"breadcrumb\":{\"@id\":\"https:\/\/canaguaro.cinefagos.net\/n01\/el-concursante-de-carlos-osuna\/#breadcrumb\"},\"inLanguage\":\"en-US\",\"potentialAction\":[{\"@type\":\"ReadAction\",\"target\":[\"https:\/\/canaguaro.cinefagos.net\/n01\/el-concursante-de-carlos-osuna\/\"]}]},{\"@type\":\"ImageObject\",\"inLanguage\":\"en-US\",\"@id\":\"https:\/\/canaguaro.cinefagos.net\/n01\/el-concursante-de-carlos-osuna\/#primaryimage\",\"url\":\"https:\/\/canaguaro.cinefagos.net\/n01\/wp-content\/uploads\/sites\/2\/2020\/12\/elconcursante-proimagenes.jpg\",\"contentUrl\":\"https:\/\/canaguaro.cinefagos.net\/n01\/wp-content\/uploads\/sites\/2\/2020\/12\/elconcursante-proimagenes.jpg\",\"width\":1200,\"height\":913},{\"@type\":\"BreadcrumbList\",\"@id\":\"https:\/\/canaguaro.cinefagos.net\/n01\/el-concursante-de-carlos-osuna\/#breadcrumb\",\"itemListElement\":[{\"@type\":\"ListItem\",\"position\":1,\"name\":\"Home\",\"item\":\"https:\/\/canaguaro.cinefagos.net\/n01\/\"},{\"@type\":\"ListItem\",\"position\":2,\"name\":\"El concursante, de Carlos Osuna\"}]},{\"@type\":\"WebSite\",\"@id\":\"https:\/\/canaguaro.cinefagos.net\/n01\/#website\",\"url\":\"https:\/\/canaguaro.cinefagos.net\/n01\/\",\"name\":\"CANAGUARO - Revista de cine colombiano - Primera edici\u00f3n\",\"description\":\"Revista de cine colombiano\",\"potentialAction\":[{\"@type\":\"SearchAction\",\"target\":{\"@type\":\"EntryPoint\",\"urlTemplate\":\"https:\/\/canaguaro.cinefagos.net\/n01\/?s={search_term_string}\"},\"query-input\":{\"@type\":\"PropertyValueSpecification\",\"valueRequired\":true,\"valueName\":\"search_term_string\"}}],\"inLanguage\":\"en-US\"},{\"@type\":\"Person\",\"@id\":\"https:\/\/canaguaro.cinefagos.net\/n01\/#\/schema\/person\/e08bd89ff0fc2cab36e00254c8fe7c30\",\"name\":\"admin\",\"image\":{\"@type\":\"ImageObject\",\"inLanguage\":\"en-US\",\"@id\":\"https:\/\/canaguaro.cinefagos.net\/n01\/#\/schema\/person\/image\/\",\"url\":\"https:\/\/secure.gravatar.com\/avatar\/6bfb5e7ea347ed86f579ece251577a81a1cffe3c7c84a4cbc01e5de982797880?s=96&d=mm&r=g\",\"contentUrl\":\"https:\/\/secure.gravatar.com\/avatar\/6bfb5e7ea347ed86f579ece251577a81a1cffe3c7c84a4cbc01e5de982797880?s=96&d=mm&r=g\",\"caption\":\"admin\"},\"sameAs\":[\"http:\/\/canaguaro.cinefagos.net\"],\"url\":\"https:\/\/canaguaro.cinefagos.net\/n01\/author\/admin\/\"}]}<\/script>\n<!-- \/ Yoast SEO plugin. -->","yoast_head_json":{"title":"El concursante, de Carlos Osuna - CANAGUARO - Revista de cine colombiano - Primera edici\u00f3n","robots":{"index":"index","follow":"follow","max-snippet":"max-snippet:-1","max-image-preview":"max-image-preview:large","max-video-preview":"max-video-preview:-1"},"canonical":"https:\/\/canaguaro.cinefagos.net\/n01\/el-concursante-de-carlos-osuna\/","og_locale":"en_US","og_type":"article","og_title":"El concursante, de Carlos Osuna - CANAGUARO - Revista de cine colombiano - Primera edici\u00f3n","og_description":"Gonzalo Restrepo S\u00e1nchez","og_url":"https:\/\/canaguaro.cinefagos.net\/n01\/el-concursante-de-carlos-osuna\/","og_site_name":"CANAGUARO - Revista de cine colombiano - Primera edici\u00f3n","article_published_time":"2020-12-11T16:37:47+00:00","og_image":[{"width":1200,"height":913,"url":"https:\/\/canaguaro.cinefagos.net\/n01\/wp-content\/uploads\/sites\/2\/2020\/12\/elconcursante-proimagenes.jpg","type":"image\/jpeg"}],"author":"admin","twitter_card":"summary_large_image","twitter_misc":{"Written by":"admin","Est. reading time":"5 minutes"},"schema":{"@context":"https:\/\/schema.org","@graph":[{"@type":"WebPage","@id":"https:\/\/canaguaro.cinefagos.net\/n01\/el-concursante-de-carlos-osuna\/","url":"https:\/\/canaguaro.cinefagos.net\/n01\/el-concursante-de-carlos-osuna\/","name":"El concursante, de Carlos Osuna - CANAGUARO - Revista de cine colombiano - Primera edici\u00f3n","isPartOf":{"@id":"https:\/\/canaguaro.cinefagos.net\/n01\/#website"},"primaryImageOfPage":{"@id":"https:\/\/canaguaro.cinefagos.net\/n01\/el-concursante-de-carlos-osuna\/#primaryimage"},"image":{"@id":"https:\/\/canaguaro.cinefagos.net\/n01\/el-concursante-de-carlos-osuna\/#primaryimage"},"thumbnailUrl":"https:\/\/canaguaro.cinefagos.net\/n01\/wp-content\/uploads\/sites\/2\/2020\/12\/elconcursante-proimagenes.jpg","datePublished":"2020-12-11T16:37:47+00:00","author":{"@id":"https:\/\/canaguaro.cinefagos.net\/n01\/#\/schema\/person\/e08bd89ff0fc2cab36e00254c8fe7c30"},"breadcrumb":{"@id":"https:\/\/canaguaro.cinefagos.net\/n01\/el-concursante-de-carlos-osuna\/#breadcrumb"},"inLanguage":"en-US","potentialAction":[{"@type":"ReadAction","target":["https:\/\/canaguaro.cinefagos.net\/n01\/el-concursante-de-carlos-osuna\/"]}]},{"@type":"ImageObject","inLanguage":"en-US","@id":"https:\/\/canaguaro.cinefagos.net\/n01\/el-concursante-de-carlos-osuna\/#primaryimage","url":"https:\/\/canaguaro.cinefagos.net\/n01\/wp-content\/uploads\/sites\/2\/2020\/12\/elconcursante-proimagenes.jpg","contentUrl":"https:\/\/canaguaro.cinefagos.net\/n01\/wp-content\/uploads\/sites\/2\/2020\/12\/elconcursante-proimagenes.jpg","width":1200,"height":913},{"@type":"BreadcrumbList","@id":"https:\/\/canaguaro.cinefagos.net\/n01\/el-concursante-de-carlos-osuna\/#breadcrumb","itemListElement":[{"@type":"ListItem","position":1,"name":"Home","item":"https:\/\/canaguaro.cinefagos.net\/n01\/"},{"@type":"ListItem","position":2,"name":"El concursante, de Carlos Osuna"}]},{"@type":"WebSite","@id":"https:\/\/canaguaro.cinefagos.net\/n01\/#website","url":"https:\/\/canaguaro.cinefagos.net\/n01\/","name":"CANAGUARO - Revista de cine colombiano - Primera edici\u00f3n","description":"Revista de cine colombiano","potentialAction":[{"@type":"SearchAction","target":{"@type":"EntryPoint","urlTemplate":"https:\/\/canaguaro.cinefagos.net\/n01\/?s={search_term_string}"},"query-input":{"@type":"PropertyValueSpecification","valueRequired":true,"valueName":"search_term_string"}}],"inLanguage":"en-US"},{"@type":"Person","@id":"https:\/\/canaguaro.cinefagos.net\/n01\/#\/schema\/person\/e08bd89ff0fc2cab36e00254c8fe7c30","name":"admin","image":{"@type":"ImageObject","inLanguage":"en-US","@id":"https:\/\/canaguaro.cinefagos.net\/n01\/#\/schema\/person\/image\/","url":"https:\/\/secure.gravatar.com\/avatar\/6bfb5e7ea347ed86f579ece251577a81a1cffe3c7c84a4cbc01e5de982797880?s=96&d=mm&r=g","contentUrl":"https:\/\/secure.gravatar.com\/avatar\/6bfb5e7ea347ed86f579ece251577a81a1cffe3c7c84a4cbc01e5de982797880?s=96&d=mm&r=g","caption":"admin"},"sameAs":["http:\/\/canaguaro.cinefagos.net"],"url":"https:\/\/canaguaro.cinefagos.net\/n01\/author\/admin\/"}]}},"_links":{"self":[{"href":"https:\/\/canaguaro.cinefagos.net\/n01\/wp-json\/wp\/v2\/posts\/2432","targetHints":{"allow":["GET"]}}],"collection":[{"href":"https:\/\/canaguaro.cinefagos.net\/n01\/wp-json\/wp\/v2\/posts"}],"about":[{"href":"https:\/\/canaguaro.cinefagos.net\/n01\/wp-json\/wp\/v2\/types\/post"}],"author":[{"embeddable":true,"href":"https:\/\/canaguaro.cinefagos.net\/n01\/wp-json\/wp\/v2\/users\/1"}],"replies":[{"embeddable":true,"href":"https:\/\/canaguaro.cinefagos.net\/n01\/wp-json\/wp\/v2\/comments?post=2432"}],"version-history":[{"count":0,"href":"https:\/\/canaguaro.cinefagos.net\/n01\/wp-json\/wp\/v2\/posts\/2432\/revisions"}],"wp:featuredmedia":[{"embeddable":true,"href":"https:\/\/canaguaro.cinefagos.net\/n01\/wp-json\/wp\/v2\/media\/2433"}],"wp:attachment":[{"href":"https:\/\/canaguaro.cinefagos.net\/n01\/wp-json\/wp\/v2\/media?parent=2432"}],"wp:term":[{"taxonomy":"category","embeddable":true,"href":"https:\/\/canaguaro.cinefagos.net\/n01\/wp-json\/wp\/v2\/categories?post=2432"},{"taxonomy":"post_tag","embeddable":true,"href":"https:\/\/canaguaro.cinefagos.net\/n01\/wp-json\/wp\/v2\/tags?post=2432"}],"curies":[{"name":"wp","href":"https:\/\/api.w.org\/{rel}","templated":true}]}}