{"id":2516,"date":"2020-12-11T20:44:12","date_gmt":"2020-12-11T20:44:12","guid":{"rendered":"http:\/\/canaguaro.cinefagos.net\/?p=2516"},"modified":"2020-12-11T20:44:12","modified_gmt":"2020-12-11T20:44:12","slug":"amalgama-de-alejandra-wills","status":"publish","type":"post","link":"https:\/\/canaguaro.cinefagos.net\/n01\/amalgama-de-alejandra-wills\/","title":{"rendered":"Amalgama, de Alejandra Wills"},"content":{"rendered":"\n<p class=\"autor\">Melissa Mira S\u00e1nchez<\/p>\n\n\n\n<div class=\"wp-block-image\"><figure class=\"aligncenter size-large\"><img loading=\"lazy\" decoding=\"async\" width=\"22\" height=\"8\" src=\"http:\/\/canaguaro.cinefagos.net\/n01\/wp-content\/uploads\/sites\/2\/2020\/12\/sep-1.png\" alt=\"\" class=\"wp-image-2923\" \/><\/figure><\/div>\n\n\n\n<p class=\"entradilla\">El conflicto armado ha marcado con dureza la zona rural colombiana, haciendo de ella uno de sus principales escenarios; un territorio caracterizado por el abandono estatal, la marginalidad y la falta de mecanismos de reparaci\u00f3n. As\u00ed mismo, el cine colombiano de la \u00faltima d\u00e9cada ha volcado su mirada hacia el campo, una tendencia que no solo ha puesto en primer plano sus temas y atm\u00f3sferas, sino que ha significado la aparici\u00f3n de unas formas est\u00e9ticas y narrativas en el abordaje de la violencia rural.<\/p>\n\n\n\n<figure class=\"wp-block-image size-large\"><img loading=\"lazy\" decoding=\"async\" width=\"1024\" height=\"428\" src=\"http:\/\/canaguaro.cinefagos.net\/wp-content\/uploads\/2020\/12\/Amalgama-1024x428.jpg\" alt=\"\" class=\"wp-image-2517\" srcset=\"https:\/\/canaguaro.cinefagos.net\/n01\/wp-content\/uploads\/sites\/2\/2020\/12\/Amalgama-1024x428.jpg 1024w, https:\/\/canaguaro.cinefagos.net\/n01\/wp-content\/uploads\/sites\/2\/2020\/12\/Amalgama-300x125.jpg 300w, https:\/\/canaguaro.cinefagos.net\/n01\/wp-content\/uploads\/sites\/2\/2020\/12\/Amalgama-768x321.jpg 768w, https:\/\/canaguaro.cinefagos.net\/n01\/wp-content\/uploads\/sites\/2\/2020\/12\/Amalgama-1536x642.jpg 1536w, https:\/\/canaguaro.cinefagos.net\/n01\/wp-content\/uploads\/sites\/2\/2020\/12\/Amalgama-1568x656.jpg 1568w, https:\/\/canaguaro.cinefagos.net\/n01\/wp-content\/uploads\/sites\/2\/2020\/12\/Amalgama.jpg 1920w\" sizes=\"auto, (max-width: 1024px) 100vw, 1024px\" \/><\/figure>\n\n\n\n<p>Alcira lava insistentemente la camisa de su hijo asesinado, como buscando borrar las huellas de la violencia perpetrada, sin embargo, recibe en casa al verdugo de su hijo, quien, en una suerte de retribuci\u00f3n, asiste diariamente para ayudarle con las labores de la finca.<\/p>\n\n\n\n<p>Los matices de esta historia est\u00e1n dados por la condici\u00f3n que amalgama a los personajes, los l\u00edmites entre v\u00edctima y victimario se desdibujan, modificando la l\u00f3gica de su confrontaci\u00f3n, cuando este \u00faltimo se devela a su vez como v\u00edctima y cuando la misma forma de presentar a los personajes no responde a convenciones maniqueas: inicialmente, Alcira en su actitud renuente y tosca, y Henry en una disposici\u00f3n afable y subordinada.<\/p>\n\n\n\n<p>El cortometraje ubica estos personajes en una narrativa que puede categorizarse dentro de la mencionada est\u00e9tica de lo rural, el conflicto armado o el hecho violento est\u00e1 narrado desde la ausencia, aparece impl\u00edcito en la trama como un evento que hace parte del pasado, de manera que la fuerza emotiva se centra el escenario que este dej\u00f3 como consecuencia y que construye el nexo entre los personajes.<\/p>\n\n\n\n<p>Desde la cinematograf\u00eda de la pieza se manifiesta el contraste entre la belleza y apacibilidad del paisaje con el lastre de violencia que lleva a sus espaldas, adem\u00e1s, no hay ninguna etiqueta que remita a alg\u00fan grupo armado espec\u00edfico; independientemente de sus actores, el conflicto esboza siempre un mismo panorama, un n\u00famero exorbitante de v\u00edctimas. Esto pone en entredicho la historia oficial que parece siempre se\u00f1alar la existencia de bandos diferenciados en \u201cbuenos y malos\u201d, dando lugar a una escala de grises que comprende la complejidad del conflicto y sus ra\u00edces.<\/p>\n\n\n\n<blockquote class=\"wp-block-quote is-layout-flow wp-block-quote-is-layout-flow\"><p>Desde la cinematograf\u00eda de la pieza se manifiesta el contraste entre la belleza y apacibilidad del paisaje con el lastre de violencia que lleva a sus espaldas&#8230;<\/p><\/blockquote>\n\n\n\n<p>El realismo cotidiano, el tiempo cinematogr\u00e1fico y el uso del silencio son otras de las caracter\u00edsticas que la pel\u00edcula sabe conjugar en su b\u00fasqueda por representar el duelo; la directora consigue detenerse en un ejercicio contemplativo que deposita el peso expresivo sobre las sutilezas de la interpretaci\u00f3n, por encima de las grandes acciones. Las interpretaciones de los personajes se ven entonces contenidas, pero lejos de atenuarlas este recurso potencia su eficacia en pantalla.<\/p>\n\n\n\n<p><em>Amalgama <\/em>ofrece acceso a un fragmento de vida de los personajes en el que puede leerse una dimensi\u00f3n social amplificada, sugiriendo la reinterpretaci\u00f3n de las formas que puede adquirir la reconciliaci\u00f3n y de la escala de grises que permean el concepto de v\u00edctima.<\/p>\n","protected":false},"excerpt":{"rendered":"<p>Melissa Mira S\u00e1nchez<\/p>\n","protected":false},"author":1,"featured_media":2517,"comment_status":"closed","ping_status":"closed","sticky":false,"template":"","format":"standard","meta":{"footnotes":""},"categories":[9],"tags":[23],"class_list":["post-2516","post","type-post","status-publish","format-standard","has-post-thumbnail","hentry","category-sala-cortos","tag-sala-cortos"],"yoast_head":"<!-- This site is optimized with the Yoast SEO plugin v26.5 - https:\/\/yoast.com\/wordpress\/plugins\/seo\/ -->\n<title>Amalgama, de Alejandra Wills - CANAGUARO - Revista de cine colombiano - Primera edici\u00f3n<\/title>\n<meta name=\"robots\" content=\"index, follow, max-snippet:-1, max-image-preview:large, max-video-preview:-1\" \/>\n<link rel=\"canonical\" href=\"https:\/\/canaguaro.cinefagos.net\/n01\/amalgama-de-alejandra-wills\/\" \/>\n<meta property=\"og:locale\" content=\"en_US\" \/>\n<meta property=\"og:type\" content=\"article\" \/>\n<meta property=\"og:title\" content=\"Amalgama, de Alejandra Wills - CANAGUARO - Revista de cine colombiano - Primera edici\u00f3n\" \/>\n<meta property=\"og:description\" content=\"Melissa Mira S\u00e1nchez\" \/>\n<meta property=\"og:url\" content=\"https:\/\/canaguaro.cinefagos.net\/n01\/amalgama-de-alejandra-wills\/\" \/>\n<meta property=\"og:site_name\" content=\"CANAGUARO - Revista de cine colombiano - Primera edici\u00f3n\" \/>\n<meta property=\"article:published_time\" content=\"2020-12-11T20:44:12+00:00\" \/>\n<meta property=\"og:image\" content=\"https:\/\/canaguaro.cinefagos.net\/n01\/wp-content\/uploads\/sites\/2\/2020\/12\/Amalgama.jpg\" \/>\n\t<meta property=\"og:image:width\" content=\"1920\" \/>\n\t<meta property=\"og:image:height\" content=\"803\" \/>\n\t<meta property=\"og:image:type\" content=\"image\/jpeg\" \/>\n<meta name=\"author\" content=\"admin\" \/>\n<meta name=\"twitter:card\" content=\"summary_large_image\" \/>\n<meta name=\"twitter:label1\" content=\"Written by\" \/>\n\t<meta name=\"twitter:data1\" content=\"admin\" \/>\n\t<meta name=\"twitter:label2\" content=\"Est. reading time\" \/>\n\t<meta name=\"twitter:data2\" content=\"3 minutes\" \/>\n<script type=\"application\/ld+json\" class=\"yoast-schema-graph\">{\"@context\":\"https:\/\/schema.org\",\"@graph\":[{\"@type\":\"WebPage\",\"@id\":\"https:\/\/canaguaro.cinefagos.net\/n01\/amalgama-de-alejandra-wills\/\",\"url\":\"https:\/\/canaguaro.cinefagos.net\/n01\/amalgama-de-alejandra-wills\/\",\"name\":\"Amalgama, de Alejandra Wills - CANAGUARO - Revista de cine colombiano - Primera edici\u00f3n\",\"isPartOf\":{\"@id\":\"https:\/\/canaguaro.cinefagos.net\/n01\/#website\"},\"primaryImageOfPage\":{\"@id\":\"https:\/\/canaguaro.cinefagos.net\/n01\/amalgama-de-alejandra-wills\/#primaryimage\"},\"image\":{\"@id\":\"https:\/\/canaguaro.cinefagos.net\/n01\/amalgama-de-alejandra-wills\/#primaryimage\"},\"thumbnailUrl\":\"https:\/\/canaguaro.cinefagos.net\/n01\/wp-content\/uploads\/sites\/2\/2020\/12\/Amalgama.jpg\",\"datePublished\":\"2020-12-11T20:44:12+00:00\",\"author\":{\"@id\":\"https:\/\/canaguaro.cinefagos.net\/n01\/#\/schema\/person\/e08bd89ff0fc2cab36e00254c8fe7c30\"},\"breadcrumb\":{\"@id\":\"https:\/\/canaguaro.cinefagos.net\/n01\/amalgama-de-alejandra-wills\/#breadcrumb\"},\"inLanguage\":\"en-US\",\"potentialAction\":[{\"@type\":\"ReadAction\",\"target\":[\"https:\/\/canaguaro.cinefagos.net\/n01\/amalgama-de-alejandra-wills\/\"]}]},{\"@type\":\"ImageObject\",\"inLanguage\":\"en-US\",\"@id\":\"https:\/\/canaguaro.cinefagos.net\/n01\/amalgama-de-alejandra-wills\/#primaryimage\",\"url\":\"https:\/\/canaguaro.cinefagos.net\/n01\/wp-content\/uploads\/sites\/2\/2020\/12\/Amalgama.jpg\",\"contentUrl\":\"https:\/\/canaguaro.cinefagos.net\/n01\/wp-content\/uploads\/sites\/2\/2020\/12\/Amalgama.jpg\",\"width\":1920,\"height\":803},{\"@type\":\"BreadcrumbList\",\"@id\":\"https:\/\/canaguaro.cinefagos.net\/n01\/amalgama-de-alejandra-wills\/#breadcrumb\",\"itemListElement\":[{\"@type\":\"ListItem\",\"position\":1,\"name\":\"Home\",\"item\":\"https:\/\/canaguaro.cinefagos.net\/n01\/\"},{\"@type\":\"ListItem\",\"position\":2,\"name\":\"Amalgama, de Alejandra Wills\"}]},{\"@type\":\"WebSite\",\"@id\":\"https:\/\/canaguaro.cinefagos.net\/n01\/#website\",\"url\":\"https:\/\/canaguaro.cinefagos.net\/n01\/\",\"name\":\"CANAGUARO - Revista de cine colombiano - Primera edici\u00f3n\",\"description\":\"Revista de cine colombiano\",\"potentialAction\":[{\"@type\":\"SearchAction\",\"target\":{\"@type\":\"EntryPoint\",\"urlTemplate\":\"https:\/\/canaguaro.cinefagos.net\/n01\/?s={search_term_string}\"},\"query-input\":{\"@type\":\"PropertyValueSpecification\",\"valueRequired\":true,\"valueName\":\"search_term_string\"}}],\"inLanguage\":\"en-US\"},{\"@type\":\"Person\",\"@id\":\"https:\/\/canaguaro.cinefagos.net\/n01\/#\/schema\/person\/e08bd89ff0fc2cab36e00254c8fe7c30\",\"name\":\"admin\",\"image\":{\"@type\":\"ImageObject\",\"inLanguage\":\"en-US\",\"@id\":\"https:\/\/canaguaro.cinefagos.net\/n01\/#\/schema\/person\/image\/\",\"url\":\"https:\/\/secure.gravatar.com\/avatar\/6bfb5e7ea347ed86f579ece251577a81a1cffe3c7c84a4cbc01e5de982797880?s=96&d=mm&r=g\",\"contentUrl\":\"https:\/\/secure.gravatar.com\/avatar\/6bfb5e7ea347ed86f579ece251577a81a1cffe3c7c84a4cbc01e5de982797880?s=96&d=mm&r=g\",\"caption\":\"admin\"},\"sameAs\":[\"http:\/\/canaguaro.cinefagos.net\"],\"url\":\"https:\/\/canaguaro.cinefagos.net\/n01\/author\/admin\/\"}]}<\/script>\n<!-- \/ Yoast SEO plugin. -->","yoast_head_json":{"title":"Amalgama, de Alejandra Wills - CANAGUARO - Revista de cine colombiano - Primera edici\u00f3n","robots":{"index":"index","follow":"follow","max-snippet":"max-snippet:-1","max-image-preview":"max-image-preview:large","max-video-preview":"max-video-preview:-1"},"canonical":"https:\/\/canaguaro.cinefagos.net\/n01\/amalgama-de-alejandra-wills\/","og_locale":"en_US","og_type":"article","og_title":"Amalgama, de Alejandra Wills - CANAGUARO - Revista de cine colombiano - Primera edici\u00f3n","og_description":"Melissa Mira S\u00e1nchez","og_url":"https:\/\/canaguaro.cinefagos.net\/n01\/amalgama-de-alejandra-wills\/","og_site_name":"CANAGUARO - Revista de cine colombiano - Primera edici\u00f3n","article_published_time":"2020-12-11T20:44:12+00:00","og_image":[{"width":1920,"height":803,"url":"https:\/\/canaguaro.cinefagos.net\/n01\/wp-content\/uploads\/sites\/2\/2020\/12\/Amalgama.jpg","type":"image\/jpeg"}],"author":"admin","twitter_card":"summary_large_image","twitter_misc":{"Written by":"admin","Est. reading time":"3 minutes"},"schema":{"@context":"https:\/\/schema.org","@graph":[{"@type":"WebPage","@id":"https:\/\/canaguaro.cinefagos.net\/n01\/amalgama-de-alejandra-wills\/","url":"https:\/\/canaguaro.cinefagos.net\/n01\/amalgama-de-alejandra-wills\/","name":"Amalgama, de Alejandra Wills - CANAGUARO - Revista de cine colombiano - Primera edici\u00f3n","isPartOf":{"@id":"https:\/\/canaguaro.cinefagos.net\/n01\/#website"},"primaryImageOfPage":{"@id":"https:\/\/canaguaro.cinefagos.net\/n01\/amalgama-de-alejandra-wills\/#primaryimage"},"image":{"@id":"https:\/\/canaguaro.cinefagos.net\/n01\/amalgama-de-alejandra-wills\/#primaryimage"},"thumbnailUrl":"https:\/\/canaguaro.cinefagos.net\/n01\/wp-content\/uploads\/sites\/2\/2020\/12\/Amalgama.jpg","datePublished":"2020-12-11T20:44:12+00:00","author":{"@id":"https:\/\/canaguaro.cinefagos.net\/n01\/#\/schema\/person\/e08bd89ff0fc2cab36e00254c8fe7c30"},"breadcrumb":{"@id":"https:\/\/canaguaro.cinefagos.net\/n01\/amalgama-de-alejandra-wills\/#breadcrumb"},"inLanguage":"en-US","potentialAction":[{"@type":"ReadAction","target":["https:\/\/canaguaro.cinefagos.net\/n01\/amalgama-de-alejandra-wills\/"]}]},{"@type":"ImageObject","inLanguage":"en-US","@id":"https:\/\/canaguaro.cinefagos.net\/n01\/amalgama-de-alejandra-wills\/#primaryimage","url":"https:\/\/canaguaro.cinefagos.net\/n01\/wp-content\/uploads\/sites\/2\/2020\/12\/Amalgama.jpg","contentUrl":"https:\/\/canaguaro.cinefagos.net\/n01\/wp-content\/uploads\/sites\/2\/2020\/12\/Amalgama.jpg","width":1920,"height":803},{"@type":"BreadcrumbList","@id":"https:\/\/canaguaro.cinefagos.net\/n01\/amalgama-de-alejandra-wills\/#breadcrumb","itemListElement":[{"@type":"ListItem","position":1,"name":"Home","item":"https:\/\/canaguaro.cinefagos.net\/n01\/"},{"@type":"ListItem","position":2,"name":"Amalgama, de Alejandra Wills"}]},{"@type":"WebSite","@id":"https:\/\/canaguaro.cinefagos.net\/n01\/#website","url":"https:\/\/canaguaro.cinefagos.net\/n01\/","name":"CANAGUARO - Revista de cine colombiano - Primera edici\u00f3n","description":"Revista de cine colombiano","potentialAction":[{"@type":"SearchAction","target":{"@type":"EntryPoint","urlTemplate":"https:\/\/canaguaro.cinefagos.net\/n01\/?s={search_term_string}"},"query-input":{"@type":"PropertyValueSpecification","valueRequired":true,"valueName":"search_term_string"}}],"inLanguage":"en-US"},{"@type":"Person","@id":"https:\/\/canaguaro.cinefagos.net\/n01\/#\/schema\/person\/e08bd89ff0fc2cab36e00254c8fe7c30","name":"admin","image":{"@type":"ImageObject","inLanguage":"en-US","@id":"https:\/\/canaguaro.cinefagos.net\/n01\/#\/schema\/person\/image\/","url":"https:\/\/secure.gravatar.com\/avatar\/6bfb5e7ea347ed86f579ece251577a81a1cffe3c7c84a4cbc01e5de982797880?s=96&d=mm&r=g","contentUrl":"https:\/\/secure.gravatar.com\/avatar\/6bfb5e7ea347ed86f579ece251577a81a1cffe3c7c84a4cbc01e5de982797880?s=96&d=mm&r=g","caption":"admin"},"sameAs":["http:\/\/canaguaro.cinefagos.net"],"url":"https:\/\/canaguaro.cinefagos.net\/n01\/author\/admin\/"}]}},"_links":{"self":[{"href":"https:\/\/canaguaro.cinefagos.net\/n01\/wp-json\/wp\/v2\/posts\/2516","targetHints":{"allow":["GET"]}}],"collection":[{"href":"https:\/\/canaguaro.cinefagos.net\/n01\/wp-json\/wp\/v2\/posts"}],"about":[{"href":"https:\/\/canaguaro.cinefagos.net\/n01\/wp-json\/wp\/v2\/types\/post"}],"author":[{"embeddable":true,"href":"https:\/\/canaguaro.cinefagos.net\/n01\/wp-json\/wp\/v2\/users\/1"}],"replies":[{"embeddable":true,"href":"https:\/\/canaguaro.cinefagos.net\/n01\/wp-json\/wp\/v2\/comments?post=2516"}],"version-history":[{"count":0,"href":"https:\/\/canaguaro.cinefagos.net\/n01\/wp-json\/wp\/v2\/posts\/2516\/revisions"}],"wp:featuredmedia":[{"embeddable":true,"href":"https:\/\/canaguaro.cinefagos.net\/n01\/wp-json\/wp\/v2\/media\/2517"}],"wp:attachment":[{"href":"https:\/\/canaguaro.cinefagos.net\/n01\/wp-json\/wp\/v2\/media?parent=2516"}],"wp:term":[{"taxonomy":"category","embeddable":true,"href":"https:\/\/canaguaro.cinefagos.net\/n01\/wp-json\/wp\/v2\/categories?post=2516"},{"taxonomy":"post_tag","embeddable":true,"href":"https:\/\/canaguaro.cinefagos.net\/n01\/wp-json\/wp\/v2\/tags?post=2516"}],"curies":[{"name":"wp","href":"https:\/\/api.w.org\/{rel}","templated":true}]}}