{"id":2522,"date":"2020-12-11T20:49:48","date_gmt":"2020-12-11T20:49:48","guid":{"rendered":"http:\/\/canaguaro.cinefagos.net\/?p=2522"},"modified":"2020-12-11T20:49:48","modified_gmt":"2020-12-11T20:49:48","slug":"primera-luna-ivan-santiago-londono","status":"publish","type":"post","link":"https:\/\/canaguaro.cinefagos.net\/n01\/primera-luna-ivan-santiago-londono\/","title":{"rendered":"Primera Luna, Iv\u00e1n Santiago Londo\u00f1o"},"content":{"rendered":"\n<p class=\"autor\">Diana Carolina Guti\u00e9rrez<\/p>\n\n\n\n<div class=\"wp-block-image\"><figure class=\"aligncenter size-large\"><img loading=\"lazy\" decoding=\"async\" width=\"22\" height=\"8\" src=\"http:\/\/canaguaro.cinefagos.net\/n01\/wp-content\/uploads\/sites\/2\/2020\/12\/sep-1.png\" alt=\"\" class=\"wp-image-2923\" \/><\/figure><\/div>\n\n\n\n<p class=\"entradilla\">Entre la niebla y las monta\u00f1as, con ese aire de catolicismo rural, detenido en el tiempo, vive Lizet con su familia, una madre abnegada, que acepta el orden de las cosas, que acepta el rol de la vida y las din\u00e1micas de muerte, y un padre silencioso pero rudo, demandante, nacido en y para la tierra. En este escenario, el director Iv\u00e1n Santiago Londo\u00f1o, oriundo de La Ceja, junto al guionista Yaison Cardona y el montajista Liberman Arango, nos acercan no solo a un contexto que para muchos colombianos es cercano: el campo, la finca, sus animales y quehaceres, sino, a\u00fan m\u00e1s, a una pregunta sobre la tradici\u00f3n hist\u00f3ricamente instaurada y el lugar de la mujer.<\/p>\n\n\n\n<div class=\"wp-block-image\"><figure class=\"aligncenter size-large\"><img loading=\"lazy\" decoding=\"async\" width=\"1024\" height=\"440\" src=\"http:\/\/canaguaro.cinefagos.net\/wp-content\/uploads\/2020\/12\/Primera-Luna-Sala-cortos-e1607719765497-1024x440.jpg\" alt=\"\" class=\"wp-image-2523\" srcset=\"https:\/\/canaguaro.cinefagos.net\/n01\/wp-content\/uploads\/sites\/2\/2020\/12\/Primera-Luna-Sala-cortos-e1607719765497-1024x440.jpg 1024w, https:\/\/canaguaro.cinefagos.net\/n01\/wp-content\/uploads\/sites\/2\/2020\/12\/Primera-Luna-Sala-cortos-e1607719765497-300x129.jpg 300w, https:\/\/canaguaro.cinefagos.net\/n01\/wp-content\/uploads\/sites\/2\/2020\/12\/Primera-Luna-Sala-cortos-e1607719765497-768x330.jpg 768w, https:\/\/canaguaro.cinefagos.net\/n01\/wp-content\/uploads\/sites\/2\/2020\/12\/Primera-Luna-Sala-cortos-e1607719765497.jpg 1280w\" sizes=\"auto, (max-width: 1024px) 100vw, 1024px\" \/><\/figure><\/div>\n\n\n\n<p>En primera instancia vivimos junto a Lizet la preparaci\u00f3n de su rito de bautismo, tard\u00edo por cierto, pues ella est\u00e1 en la flor de la adolescencia y se turna durante el d\u00eda entre ayudar en la cocina o velar por las gallinas (otro de los personajes de esta historia), y atender a su madre en la confecci\u00f3n y pre\u00e1mbulo de su bautizo; es su madre, entrada en a\u00f1os, quien adorna su vestido, se lo mide con toda la premeditaci\u00f3n del caso y carga de sentido este rito religioso como un legado femenino de pureza inici\u00e1tica, ante el cual Lizet no parece demasiado entusiasmada.<\/p>\n\n\n\n<p><br>En este sentido, el manejo t\u00e9cnico y de paleta de color es claro para representar las edades y momentos; por un lado, Lizet es vestida mayormente de tonos rosas y blancos (asociados a la juventud), mientras que en su madre predominan los grises desaturados y un par de rojos, asimismo se trabaja en el encuadre la relaci\u00f3n entre los roles del padre y los roles femeninos, siempre el primero se encuentra realizando otra acci\u00f3n lejos de ellas indicando sus justas diferencias; pero lo m\u00e1s importante es c\u00f3mo se carga de simbolog\u00eda precisamente la primera luna, ese momento crucial en la vida de un mujer, esa se\u00f1al cuando un fruto maduro rueda por el suelo, presto a ser devorado, esa especie de carga silenciosa que anuncia un destino, un v\u00ednculo ya imborrable con la luna, con la madre, si lo miramos desde su origen griego.<\/p>\n\n\n\n<p><br>No es fortuito en el cortometraje el uso de los frutos, el agua y lo rural como escenario metaf\u00f3rico para que este ciclo org\u00e1nico de muerte-vida suceda, cuando una mujer nace, la tierra tambi\u00e9n ejerce un sacrificio, hay un car\u00e1cter purificador en el agua y un despertar ante la naturaleza misma, \u00bfqui\u00e9n es Lizet, entre las ramas y el silencio?, \u00bfcon qui\u00e9n hablar\u00eda Lizet, si su padre est\u00e1 inmiscuido en las labores del campo y su madre celebra su bautizo como una fiesta religiosa m\u00e1s, aunque importante? El agua cae, la sangre corre, los frutos maduran y mueren, la inocencia se esfuma y se abre paso la f\u00e9rtil siembra de la noche.<\/p>\n\n\n\n<p><br>Ante estas preguntas y una soledad inenarrable que nos genera cada acto de Lizet, amoroso, callado, un acto de rebeld\u00eda oculta, que tiene como \u00fanica compa\u00f1\u00eda una gallina condenada a muerte a quien intenta proteger hasta el final, la \u00fanica prueba fortuita de amor que tambi\u00e9n le es arrebata por el precio de la sangre, la flor deshojada, el precio de una cena santa, una cena-rito en la que est\u00e1 igualmente sola y el espectador ve, como en un espejo, la historia de muchas ni\u00f1as que viven hoy en al ruralidad. Vivimos con ella el rito, sosamente, con una desaz\u00f3n suprema y nos ofrendamos tambi\u00e9n a la luna, y volvemos a trav\u00e9s de Lizet a la naturaleza, a una inocencia primera, de una manera sencilla y poco pretensiosa, pero certera, pues ni ella ni sus padres emiten demasiadas palabras o di\u00e1logos para lograr sentir en carne propia un momento tan \u00edntimo, donde no queremos ser observados, pero igual los dem\u00e1s alrededor celebran.<\/p>\n\n\n\n<p><br>El alma oscura de la fiesta, ab\u00falica, sin apetito, sin sonrisa, as\u00ed se siente Lizet en su bautizo, ha conocido el amor, luego la muerte, ha conocido la belleza, tambi\u00e9n la crudeza de la finitud; el ritual, sabemos, lo hacen otros, lo vemos desde afuera, como una danza sangrienta, como un sacrificio digno para Dios. Se trata entonces de una pregunta por el lugar de nuestras tradiciones, una pregunta por el devenir mujeres (aunque no sea un cortometraje para las mismas), y sobre c\u00f3mo nos afirmamos en nuestra propia historia, religiosa, \u00edntima y moral.<\/p>\n","protected":false},"excerpt":{"rendered":"<p>Diana Carolina Guti\u00e9rrez<\/p>\n","protected":false},"author":1,"featured_media":2523,"comment_status":"closed","ping_status":"closed","sticky":false,"template":"","format":"standard","meta":{"footnotes":""},"categories":[9],"tags":[23],"class_list":["post-2522","post","type-post","status-publish","format-standard","has-post-thumbnail","hentry","category-sala-cortos","tag-sala-cortos"],"yoast_head":"<!-- This site is optimized with the Yoast SEO plugin v26.5 - https:\/\/yoast.com\/wordpress\/plugins\/seo\/ -->\n<title>Primera Luna, Iv\u00e1n Santiago Londo\u00f1o - CANAGUARO - Revista de cine colombiano - Primera edici\u00f3n<\/title>\n<meta name=\"robots\" content=\"index, follow, max-snippet:-1, max-image-preview:large, max-video-preview:-1\" \/>\n<link rel=\"canonical\" href=\"https:\/\/canaguaro.cinefagos.net\/n01\/primera-luna-ivan-santiago-londono\/\" \/>\n<meta property=\"og:locale\" content=\"en_US\" \/>\n<meta property=\"og:type\" content=\"article\" \/>\n<meta property=\"og:title\" content=\"Primera Luna, Iv\u00e1n Santiago Londo\u00f1o - CANAGUARO - Revista de cine colombiano - Primera edici\u00f3n\" \/>\n<meta property=\"og:description\" content=\"Diana Carolina Guti\u00e9rrez\" \/>\n<meta property=\"og:url\" content=\"https:\/\/canaguaro.cinefagos.net\/n01\/primera-luna-ivan-santiago-londono\/\" \/>\n<meta property=\"og:site_name\" content=\"CANAGUARO - Revista de cine colombiano - Primera edici\u00f3n\" \/>\n<meta property=\"article:published_time\" content=\"2020-12-11T20:49:48+00:00\" \/>\n<meta property=\"og:image\" content=\"https:\/\/canaguaro.cinefagos.net\/n01\/wp-content\/uploads\/sites\/2\/2020\/12\/Primera-Luna-Sala-cortos-e1607719765497.jpg\" \/>\n\t<meta property=\"og:image:width\" content=\"1280\" \/>\n\t<meta property=\"og:image:height\" content=\"550\" \/>\n\t<meta property=\"og:image:type\" content=\"image\/jpeg\" \/>\n<meta name=\"author\" content=\"admin\" \/>\n<meta name=\"twitter:card\" content=\"summary_large_image\" \/>\n<meta name=\"twitter:label1\" content=\"Written by\" \/>\n\t<meta name=\"twitter:data1\" content=\"admin\" \/>\n\t<meta name=\"twitter:label2\" content=\"Est. reading time\" \/>\n\t<meta name=\"twitter:data2\" content=\"4 minutes\" \/>\n<script type=\"application\/ld+json\" class=\"yoast-schema-graph\">{\"@context\":\"https:\/\/schema.org\",\"@graph\":[{\"@type\":\"WebPage\",\"@id\":\"https:\/\/canaguaro.cinefagos.net\/n01\/primera-luna-ivan-santiago-londono\/\",\"url\":\"https:\/\/canaguaro.cinefagos.net\/n01\/primera-luna-ivan-santiago-londono\/\",\"name\":\"Primera Luna, Iv\u00e1n Santiago Londo\u00f1o - CANAGUARO - Revista de cine colombiano - Primera edici\u00f3n\",\"isPartOf\":{\"@id\":\"https:\/\/canaguaro.cinefagos.net\/n01\/#website\"},\"primaryImageOfPage\":{\"@id\":\"https:\/\/canaguaro.cinefagos.net\/n01\/primera-luna-ivan-santiago-londono\/#primaryimage\"},\"image\":{\"@id\":\"https:\/\/canaguaro.cinefagos.net\/n01\/primera-luna-ivan-santiago-londono\/#primaryimage\"},\"thumbnailUrl\":\"https:\/\/canaguaro.cinefagos.net\/n01\/wp-content\/uploads\/sites\/2\/2020\/12\/Primera-Luna-Sala-cortos-e1607719765497.jpg\",\"datePublished\":\"2020-12-11T20:49:48+00:00\",\"author\":{\"@id\":\"https:\/\/canaguaro.cinefagos.net\/n01\/#\/schema\/person\/e08bd89ff0fc2cab36e00254c8fe7c30\"},\"breadcrumb\":{\"@id\":\"https:\/\/canaguaro.cinefagos.net\/n01\/primera-luna-ivan-santiago-londono\/#breadcrumb\"},\"inLanguage\":\"en-US\",\"potentialAction\":[{\"@type\":\"ReadAction\",\"target\":[\"https:\/\/canaguaro.cinefagos.net\/n01\/primera-luna-ivan-santiago-londono\/\"]}]},{\"@type\":\"ImageObject\",\"inLanguage\":\"en-US\",\"@id\":\"https:\/\/canaguaro.cinefagos.net\/n01\/primera-luna-ivan-santiago-londono\/#primaryimage\",\"url\":\"https:\/\/canaguaro.cinefagos.net\/n01\/wp-content\/uploads\/sites\/2\/2020\/12\/Primera-Luna-Sala-cortos-e1607719765497.jpg\",\"contentUrl\":\"https:\/\/canaguaro.cinefagos.net\/n01\/wp-content\/uploads\/sites\/2\/2020\/12\/Primera-Luna-Sala-cortos-e1607719765497.jpg\",\"width\":1280,\"height\":550},{\"@type\":\"BreadcrumbList\",\"@id\":\"https:\/\/canaguaro.cinefagos.net\/n01\/primera-luna-ivan-santiago-londono\/#breadcrumb\",\"itemListElement\":[{\"@type\":\"ListItem\",\"position\":1,\"name\":\"Home\",\"item\":\"https:\/\/canaguaro.cinefagos.net\/n01\/\"},{\"@type\":\"ListItem\",\"position\":2,\"name\":\"Primera Luna, Iv\u00e1n Santiago Londo\u00f1o\"}]},{\"@type\":\"WebSite\",\"@id\":\"https:\/\/canaguaro.cinefagos.net\/n01\/#website\",\"url\":\"https:\/\/canaguaro.cinefagos.net\/n01\/\",\"name\":\"CANAGUARO - Revista de cine colombiano - Primera edici\u00f3n\",\"description\":\"Revista de cine colombiano\",\"potentialAction\":[{\"@type\":\"SearchAction\",\"target\":{\"@type\":\"EntryPoint\",\"urlTemplate\":\"https:\/\/canaguaro.cinefagos.net\/n01\/?s={search_term_string}\"},\"query-input\":{\"@type\":\"PropertyValueSpecification\",\"valueRequired\":true,\"valueName\":\"search_term_string\"}}],\"inLanguage\":\"en-US\"},{\"@type\":\"Person\",\"@id\":\"https:\/\/canaguaro.cinefagos.net\/n01\/#\/schema\/person\/e08bd89ff0fc2cab36e00254c8fe7c30\",\"name\":\"admin\",\"image\":{\"@type\":\"ImageObject\",\"inLanguage\":\"en-US\",\"@id\":\"https:\/\/canaguaro.cinefagos.net\/n01\/#\/schema\/person\/image\/\",\"url\":\"https:\/\/secure.gravatar.com\/avatar\/6bfb5e7ea347ed86f579ece251577a81a1cffe3c7c84a4cbc01e5de982797880?s=96&d=mm&r=g\",\"contentUrl\":\"https:\/\/secure.gravatar.com\/avatar\/6bfb5e7ea347ed86f579ece251577a81a1cffe3c7c84a4cbc01e5de982797880?s=96&d=mm&r=g\",\"caption\":\"admin\"},\"sameAs\":[\"http:\/\/canaguaro.cinefagos.net\"],\"url\":\"https:\/\/canaguaro.cinefagos.net\/n01\/author\/admin\/\"}]}<\/script>\n<!-- \/ Yoast SEO plugin. -->","yoast_head_json":{"title":"Primera Luna, Iv\u00e1n Santiago Londo\u00f1o - CANAGUARO - Revista de cine colombiano - Primera edici\u00f3n","robots":{"index":"index","follow":"follow","max-snippet":"max-snippet:-1","max-image-preview":"max-image-preview:large","max-video-preview":"max-video-preview:-1"},"canonical":"https:\/\/canaguaro.cinefagos.net\/n01\/primera-luna-ivan-santiago-londono\/","og_locale":"en_US","og_type":"article","og_title":"Primera Luna, Iv\u00e1n Santiago Londo\u00f1o - CANAGUARO - Revista de cine colombiano - Primera edici\u00f3n","og_description":"Diana Carolina Guti\u00e9rrez","og_url":"https:\/\/canaguaro.cinefagos.net\/n01\/primera-luna-ivan-santiago-londono\/","og_site_name":"CANAGUARO - Revista de cine colombiano - Primera edici\u00f3n","article_published_time":"2020-12-11T20:49:48+00:00","og_image":[{"width":1280,"height":550,"url":"https:\/\/canaguaro.cinefagos.net\/n01\/wp-content\/uploads\/sites\/2\/2020\/12\/Primera-Luna-Sala-cortos-e1607719765497.jpg","type":"image\/jpeg"}],"author":"admin","twitter_card":"summary_large_image","twitter_misc":{"Written by":"admin","Est. reading time":"4 minutes"},"schema":{"@context":"https:\/\/schema.org","@graph":[{"@type":"WebPage","@id":"https:\/\/canaguaro.cinefagos.net\/n01\/primera-luna-ivan-santiago-londono\/","url":"https:\/\/canaguaro.cinefagos.net\/n01\/primera-luna-ivan-santiago-londono\/","name":"Primera Luna, Iv\u00e1n Santiago Londo\u00f1o - CANAGUARO - Revista de cine colombiano - Primera edici\u00f3n","isPartOf":{"@id":"https:\/\/canaguaro.cinefagos.net\/n01\/#website"},"primaryImageOfPage":{"@id":"https:\/\/canaguaro.cinefagos.net\/n01\/primera-luna-ivan-santiago-londono\/#primaryimage"},"image":{"@id":"https:\/\/canaguaro.cinefagos.net\/n01\/primera-luna-ivan-santiago-londono\/#primaryimage"},"thumbnailUrl":"https:\/\/canaguaro.cinefagos.net\/n01\/wp-content\/uploads\/sites\/2\/2020\/12\/Primera-Luna-Sala-cortos-e1607719765497.jpg","datePublished":"2020-12-11T20:49:48+00:00","author":{"@id":"https:\/\/canaguaro.cinefagos.net\/n01\/#\/schema\/person\/e08bd89ff0fc2cab36e00254c8fe7c30"},"breadcrumb":{"@id":"https:\/\/canaguaro.cinefagos.net\/n01\/primera-luna-ivan-santiago-londono\/#breadcrumb"},"inLanguage":"en-US","potentialAction":[{"@type":"ReadAction","target":["https:\/\/canaguaro.cinefagos.net\/n01\/primera-luna-ivan-santiago-londono\/"]}]},{"@type":"ImageObject","inLanguage":"en-US","@id":"https:\/\/canaguaro.cinefagos.net\/n01\/primera-luna-ivan-santiago-londono\/#primaryimage","url":"https:\/\/canaguaro.cinefagos.net\/n01\/wp-content\/uploads\/sites\/2\/2020\/12\/Primera-Luna-Sala-cortos-e1607719765497.jpg","contentUrl":"https:\/\/canaguaro.cinefagos.net\/n01\/wp-content\/uploads\/sites\/2\/2020\/12\/Primera-Luna-Sala-cortos-e1607719765497.jpg","width":1280,"height":550},{"@type":"BreadcrumbList","@id":"https:\/\/canaguaro.cinefagos.net\/n01\/primera-luna-ivan-santiago-londono\/#breadcrumb","itemListElement":[{"@type":"ListItem","position":1,"name":"Home","item":"https:\/\/canaguaro.cinefagos.net\/n01\/"},{"@type":"ListItem","position":2,"name":"Primera Luna, Iv\u00e1n Santiago Londo\u00f1o"}]},{"@type":"WebSite","@id":"https:\/\/canaguaro.cinefagos.net\/n01\/#website","url":"https:\/\/canaguaro.cinefagos.net\/n01\/","name":"CANAGUARO - Revista de cine colombiano - Primera edici\u00f3n","description":"Revista de cine colombiano","potentialAction":[{"@type":"SearchAction","target":{"@type":"EntryPoint","urlTemplate":"https:\/\/canaguaro.cinefagos.net\/n01\/?s={search_term_string}"},"query-input":{"@type":"PropertyValueSpecification","valueRequired":true,"valueName":"search_term_string"}}],"inLanguage":"en-US"},{"@type":"Person","@id":"https:\/\/canaguaro.cinefagos.net\/n01\/#\/schema\/person\/e08bd89ff0fc2cab36e00254c8fe7c30","name":"admin","image":{"@type":"ImageObject","inLanguage":"en-US","@id":"https:\/\/canaguaro.cinefagos.net\/n01\/#\/schema\/person\/image\/","url":"https:\/\/secure.gravatar.com\/avatar\/6bfb5e7ea347ed86f579ece251577a81a1cffe3c7c84a4cbc01e5de982797880?s=96&d=mm&r=g","contentUrl":"https:\/\/secure.gravatar.com\/avatar\/6bfb5e7ea347ed86f579ece251577a81a1cffe3c7c84a4cbc01e5de982797880?s=96&d=mm&r=g","caption":"admin"},"sameAs":["http:\/\/canaguaro.cinefagos.net"],"url":"https:\/\/canaguaro.cinefagos.net\/n01\/author\/admin\/"}]}},"_links":{"self":[{"href":"https:\/\/canaguaro.cinefagos.net\/n01\/wp-json\/wp\/v2\/posts\/2522","targetHints":{"allow":["GET"]}}],"collection":[{"href":"https:\/\/canaguaro.cinefagos.net\/n01\/wp-json\/wp\/v2\/posts"}],"about":[{"href":"https:\/\/canaguaro.cinefagos.net\/n01\/wp-json\/wp\/v2\/types\/post"}],"author":[{"embeddable":true,"href":"https:\/\/canaguaro.cinefagos.net\/n01\/wp-json\/wp\/v2\/users\/1"}],"replies":[{"embeddable":true,"href":"https:\/\/canaguaro.cinefagos.net\/n01\/wp-json\/wp\/v2\/comments?post=2522"}],"version-history":[{"count":0,"href":"https:\/\/canaguaro.cinefagos.net\/n01\/wp-json\/wp\/v2\/posts\/2522\/revisions"}],"wp:featuredmedia":[{"embeddable":true,"href":"https:\/\/canaguaro.cinefagos.net\/n01\/wp-json\/wp\/v2\/media\/2523"}],"wp:attachment":[{"href":"https:\/\/canaguaro.cinefagos.net\/n01\/wp-json\/wp\/v2\/media?parent=2522"}],"wp:term":[{"taxonomy":"category","embeddable":true,"href":"https:\/\/canaguaro.cinefagos.net\/n01\/wp-json\/wp\/v2\/categories?post=2522"},{"taxonomy":"post_tag","embeddable":true,"href":"https:\/\/canaguaro.cinefagos.net\/n01\/wp-json\/wp\/v2\/tags?post=2522"}],"curies":[{"name":"wp","href":"https:\/\/api.w.org\/{rel}","templated":true}]}}