{"id":2552,"date":"2021-04-09T20:19:52","date_gmt":"2021-04-09T20:19:52","guid":{"rendered":"https:\/\/canaguaro.cinefagos.net\/?p=2552"},"modified":"2021-04-19T22:14:21","modified_gmt":"2021-04-19T22:14:21","slug":"entrevista-con-natalia-imery-almario","status":"publish","type":"post","link":"https:\/\/canaguaro.cinefagos.net\/n02\/entrevista-con-natalia-imery-almario\/","title":{"rendered":"Entrevista a Natalia Imery Almario"},"content":{"rendered":"\r\n<p class=\"autor\">\u00d3scar Iv\u00e1n Montoya<\/p>\r\n\r\n\r\n\r\n<div class=\"wp-block-image\">\r\n<figure class=\"aligncenter size-large\"><img loading=\"lazy\" decoding=\"async\" width=\"22\" height=\"8\" class=\"wp-image-2693\" src=\"http:\/\/canaguaro.cinefagos.net\/n02\/wp-content\/uploads\/sites\/3\/2021\/04\/sep.png\" alt=\"\" \/><\/figure>\r\n<\/div>\r\n\r\n\r\n\r\n<p class=\"entradilla\">El choque de generaciones, c\u00f3mo los revolucionarios de anta\u00f1o se convierten en los conservadores del presente, y de qu\u00e9 manera lo privado se convierte en p\u00fablico, son algunos de los temas que aborda\u00a0<em>Dopamina<\/em>, (2020), la \u00f3pera prima de Natalia Imery Almario. Lo m\u00e1s destacable de su propuesta, es que logra transitar por estos dif\u00edciles t\u00f3picos con calidez y naturalidad, aunque el tono sea de permanente confrontaci\u00f3n. En el documental\u00a0<em>Dopamina<\/em>, la familia de Natalia est\u00e1 dividida, los padres, en el pasado militantes de la izquierda progresista, no aceptan la orientaci\u00f3n sexual de su hija y, al mismo tiempo, el padre, Ricardo, es diagnosticado con Parkinson. El n\u00facleo familiar se tambalea, y las convicciones ideol\u00f3gicas y culturales saltan por los aires. Diez a\u00f1os despu\u00e9s la hija regresa, para igual que la dopamina, generar conexiones, tender puentes, crear puntos de encuentro.<\/p>\r\n\r\n\r\n\r\n<p>Ya desde el cortometraje\u00a0<em>Al\u00e9n<\/em>, (2014), Natalia Imery hab\u00eda abordado algunos de los temas que despu\u00e9s se desplegar\u00e1n con m\u00e1s profundidad en\u00a0<em>Dopamina<\/em>: ambig\u00fcedad sexual, emancipaci\u00f3n femenina, libertad de los cuerpos, todo en medio de la fiesta, la m\u00fasica electr\u00f3nica y una ciudad vibrante. En\u00a0<em>Dopamina<\/em>\u00a0se retoman estas situaciones, pero en un ambiente \u00edntimo y desde la quietud de su estilo visual, con una c\u00e1mara que registra desde posiciones y movimientos muy controlados, c\u00f3mo las palabras surgen, chocan, por momentos sacan chispas, pero siempre en una atm\u00f3sfera de respeto y fluidez que pocas veces se ve en los debates p\u00fablicos, y ni se diga en la esfera privada, en donde muchas veces las diferencias se resuelven con gritos y amenazas.\u00a0<\/p>\r\n\r\n\r\n\r\n<p><em>Dopamina<\/em>\u00a0tuvo su estreno mundial en el Festival de Ji.hlava, en Rep\u00fablica Checa, en 2019; adem\u00e1s, particip\u00f3\u00a0en festivales nacionales e internacionales como el de Cali, Lima, La Habana, Torino. Recientemente, en el BAFICI 2021, obtuvo el premio a la mejor direcci\u00f3n de fotograf\u00eda para Laura Imery. Natalia Imery prepara su primer largometraje de ficci\u00f3n, por el momento titulado\u00a0<em>Malakianta<\/em>.\u00a0<\/p>\r\n\r\n\r\n\r\n<p><em>En la informaci\u00f3n de la pel\u00edcula aparece que\u00a0Dopamina\u00a0fue tu trabajo de tesis, y que con un primer corte te lograste graduar. \u00bfC\u00f3mo fue la evoluci\u00f3n de un proyecto universitario, en un primer corte, a un largometraje documental, con una factura muy personal, con un recorrido por festivales nacionales e internacionales, y con un estreno en salas comerciales?<\/em><\/p>\r\n\r\n\r\n\r\n<p>Exactamente. Este es mi proyecto de tesis para graduarme como Comunicadora Social- Periodista de la Universidad\u00a0del Valle, en donde se me acept\u00f3 adelantar una investigaci\u00f3n escrita y realizar un primer corte con el material de archivo que yo llevaba rodando hac\u00eda alg\u00fan tiempo. Era un material que yo hab\u00eda grabado con una c\u00e1mara casera, tipo\u00a0<em>home movies<\/em>, con mi padre, mi madre, a los que filmaba en casa o cuando \u00edbamos de paseo. Luego, yo ya viv\u00eda con unos amigos, y entonces tambi\u00e9n los filmaba a ellos en fiestas, en situaciones cotidianas, y de ah\u00ed junt\u00e9 un buen material que finalmente constituy\u00f3 el primer corte que yo arm\u00e9 para graduarme\u00a0de la universidad. En ese primer momento, pens\u00e9 que ah\u00ed estaba la pel\u00edcula, que simplemente hab\u00eda que continuar con el trabajo de edici\u00f3n para terminar de redondearla. Pero fue a trav\u00e9s de asesor\u00edas, de encuentros con otras personas, y que adem\u00e1s particip\u00e9 en el diplomado de Documental de Creaci\u00f3n de la Universidad del Valle, en donde me asesoraron Marta Andreu y Catalina Villar; y bueno, lo primero que me dijo Marta fue que &#8220;esa no era la pel\u00edcula&#8221;, aunque ese material nos pod\u00eda servir para continuar la investigaci\u00f3n.\u00a0A partir de ese momento fue como un nuevo punto de partida, porque lleg\u00f3 Oscar Ruiz Navia como productor y la pel\u00edcula tom\u00f3 otro aire.<\/p>\r\n\r\n\r\n\r\n<blockquote class=\"wp-block-quote is-layout-flow wp-block-quote-is-layout-flow\">\r\n<p>Era un material que yo hab\u00eda grabado con una c\u00e1mara casera, tipo\u00a0<em>home movies<\/em>, con mi padre, mi madre, a los que filmaba en casa o cuando \u00edbamos de paseo.<\/p>\r\n<\/blockquote>\r\n\r\n\r\n\r\n<p><em>\u00bfY qu\u00e9 estrategias desplegaste para convencer a Oscar Ruiz Navia de que m\u00e1s all\u00e1 de un drama familiar, comenzando por la enfermedad de tu padre y siguiendo con tus conflictos con tu entorno,\u00a0<\/em>Dopamina<em>\u00a0era una propuesta que pod\u00eda llegar a muchas personas, que ten\u00eda unos personajes a su modo entra\u00f1ables, y unos valores de producci\u00f3n que se pod\u00edan hacer m\u00e1s evidentes en un documental terminado?<\/em><\/p>\r\n\r\n\r\n\r\n<p>Cuando lleg\u00f3 &#8220;Papeto&#8221; al proyecto, yo estaba trabajando con Gina Hern\u00e1ndez, que era la productora de la peli; adem\u00e1s, antes ya hab\u00eda tenido la ocasi\u00f3n de trabajar con Oscar Ruiz Navia, pues \u00e9l hab\u00eda sido director de fotograf\u00eda y camar\u00f3grafo en mi primer corto\u00a0<em>Al\u00e9n<\/em>, entonces ya ten\u00edamos una relaci\u00f3n personal y profesional. No recuerdo el momento exacto, pero en alg\u00fan punto nos encontramos y dijimos: bacano si podemos seguir colaborando, y ya despu\u00e9s a \u00e9l le gust\u00f3 el proyecto de\u00a0<em>Dopamina<\/em>\u00a0y dijo listo, y se incorpor\u00f3 de lleno en la producci\u00f3n. Para nosotros fue muy importante, porque claro, Papeto ya tiene una trayectoria muy s\u00f3lida en el campo cinematogr\u00e1fico como director y productor; adem\u00e1s, posee una mirada muy aguda, entonces para la pel\u00edcula fue muy determinante su participaci\u00f3n y, en el fondo, fue lo que hizo posible que\u00a0<em>Dopamina<\/em>\u00a0se pudiera proyectar en otra forma porque \u00e9l crey\u00f3 en la propuesta nuestra. Finalmente, \u00e9l fue el que hizo el primer desembolso de un dinero grande para poder rodar el proyecto en su totalidad y con todas las condiciones. Ya despu\u00e9s \u00e9l recuper\u00f3 ese adelanto con el premio del FDC.<\/p>\r\n\r\n\r\n\r\n<p><em>\u00bfY de qu\u00e9 manera manejaste el asunto familiar a sabiendas de que se iban a ventilar asuntos de \u00edndole\u00a0muy \u00edntima, incluida la enfermedad de tu padre, a lo que hab\u00eda que agregarle el tono de confrontaci\u00f3n que recorre gran parte del documental, y el tema de la afirmaci\u00f3n de identidad? \u00bfC\u00f3mo fue el proceso de persuasi\u00f3n y convencimiento para que participaran de manera asertiva en el rodaje? \u00bfCu\u00e1l fue su reacci\u00f3n cuando vieron la proyecci\u00f3n de la peli?<\/em><\/p>\r\n\r\n\r\n\r\n<p>Fue una de las cosas m\u00e1s dif\u00edciles de\u00a0<em>Dopamina<\/em>, porque ya de por s\u00ed realizar una pel\u00edcula autobiogr\u00e1fica supone una responsabilidad enorme, ya que uno se ve empujado a abordar las problem\u00e1ticas de su propia familia, que va a involucrar a las personas que se tiene alrededor, en mi caso, mis padres, mi pareja y mis amigos. A m\u00ed me gusta pensar que son las pel\u00edculas las que lo escogen a uno para que las filme, y aunque yo sent\u00ed la necesidad de hablar de aspectos de mi vida personal y familiar, fue gracias al cine y a lo que \u00e9l permite, que pude expresar muchas de las cosas que estaba sintiendo en ese momento; o sea, el cine como una especie de catarsis, el cine como camino, el cine como proceso de sanaci\u00f3n, el cine como un elemento que trasciende la esfera cotidiana, y que le brinda a ciertas cosas y elementos del d\u00eda a d\u00eda, una importancia in\u00e9dita. Entonces, de esa manera, con el cine como mediador, estos asuntos \u00edntimos se pueden abordar, conversar, confrontar. Ese fue obviamente mi primer planteamiento. Ya m\u00e1s tarde con mis padres fue un trabajo m\u00e1s prolongado y complejo, pues al principio, sobre todo mi madre, estaba un poco distante del proyecto, como con un poco m\u00e1s de resistencia, pero a medida que fuimos avanzando y nuestra relaci\u00f3n\u00a0tambi\u00e9n fue mejorando, porque una de las cosas m\u00e1s importantes es que\u00a0<em>Dopamina<\/em>\u00a0solo fue posible cuando nuestras relaciones\u00a0como madre-hija y padre-hija, estuvieron bien o estaban en un lugar en donde fuera posible hablar de asuntos que nos afectaban.\u00a0<\/p>\r\n\r\n\r\n\r\n<blockquote class=\"wp-block-quote is-layout-flow wp-block-quote-is-layout-flow\">\r\n<p>A m\u00ed me gusta pensar que son las pel\u00edculas las que lo escogen a uno para que las filme, y aunque yo sent\u00ed la necesidad de hablar de aspectos de mi vida personal y familiar, fue gracias al cine y a lo que \u00e9l permite, que pude expresar muchas de las cosas que estaba sintiendo en ese momento;<\/p>\r\n<\/blockquote>\r\n\r\n\r\n\r\n<p><em>En los cr\u00e9ditos de la pel\u00edcula apareces como directora, guionista, productora e int\u00e9rprete. \u00bfNo sentiste en alg\u00fan momento que eran demasiadas funciones, y espec\u00edficamente en el momento del rodaje, no se te cruzaban los cables entre la directora y la int\u00e9rprete?<\/em><\/p>\r\n\r\n\r\n\r\n<p>Estuve en muchas facetas de la producci\u00f3n, en distintos cargos, y siempre lo encar\u00e9 de la mejor manera; pero, definitivamente, lo m\u00e1s dif\u00edcil siempre fue dirigir y estar al frente de la c\u00e1mara. Siempre lo asum\u00ed de la mejor manera, y m\u00e1s o menos ya ten\u00eda un m\u00e9todo que era \u201csetear\u201d la c\u00e1mara con mi directora de fotograf\u00eda, mi hermana Laura Imery, que para el rodaje fue muy importante que ella estuviera al frente de este departamento, porque era la garant\u00eda de que iba a conseguir el grado de intimidad\u00a0que ped\u00eda la pel\u00edcula. Entonces configur\u00e1bamos la c\u00e1mara, realiz\u00e1bamos la composici\u00f3n del cuadro, y cuando la parte t\u00e9cnica ya estaba resuelta, yo pasaba al otro lado e intentaba desprenderme de esa l\u00f3gica de dirigir, y pon\u00eda toda mi atenci\u00f3n en intentar establecer el mejor contacto con mis padres, as\u00ed fuera en plan de confrontaci\u00f3n.<\/p>\r\n\r\n\r\n\r\n<p>Igual con mi pareja, con mi amiga, buscamos la forma m\u00e1s natural, aunque no s\u00e9 si natural sea la palabra, m\u00e1s bien dir\u00eda que dej\u00e1ndome permear por lo que ellos me propon\u00edan, y tambi\u00e9n, claro, por mis propias reacciones. Eso yo creo que se logr\u00f3 en la mayor parte de las secuencias, en unas m\u00e1s que en otras como es obvio. Finalmente, eso me aport\u00f3 dos cosas, una de ellas era que estando yo frente a la c\u00e1mara, ten\u00eda la posibilidad de ser la persona que dirig\u00eda la conversaci\u00f3n; es decir, que ese elemento me brindaba un plus y era que pod\u00eda estar dirigiendo desde adentro las escenas, porque yo era la que llevaba la batuta, la que estaba guiando las reacciones. Lo segundo, fue que ese descubrimiento me pareci\u00f3 muy interesante, que nunca hab\u00eda explorado en otros proyectos, porque siempre que estas detr\u00e1s de la c\u00e1mara piensas en que deber\u00edan suceder ciertas cosas, o se deb\u00edan pronunciar algunas palabras, o que los personajes deber\u00edan reaccionar de tal forma, pero no puedes hacer nada; en cambio, si eres un personaje puedes incidir directamente sobre lo que est\u00e1 sucediendo.<\/p>\r\n\r\n\r\n\r\n<p><em>Subrayaste el hecho de que tu hermana, Laura Imery, fuera necesariamente la directora de fotograf\u00eda, y que gracias a su participaci\u00f3n lograste el recogimiento y una atm\u00f3sfera muy arm\u00f3nica para el rodaje; pero, por el otro lado, en el sonido estaba C\u00e9sar Salazar, un cineasta con toda la experiencia del mundo, con un trabajo de mucha calidad, en diferentes tipos de producciones. \u00bfC\u00f3mo funcion\u00f3 ese t\u00e1ndem de juventud y experiencia?<\/em><\/p>\r\n\r\n\r\n\r\n<p>Cuando yo empec\u00e9 a armar el <em>crew<\/em>, y al pensar c\u00f3mo se iba a rodar\u00a0<em>Dopamina<\/em>, lo primero que pens\u00e9 fue que la \u00fanica persona que pod\u00eda estar al frente de la c\u00e1mara era mi hermana Laura Imery, primero, porque es mi hermana y la confianza que eso generaba en el set no lo conseguir\u00eda con ninguna otra persona, y segundo, yo quer\u00eda que fuera una mujer la que estuviera dirigiendo la fotograf\u00eda, porque a m\u00ed me parece que esa era la manera m\u00e1s adecuada que ella pudiera entrar en el mundo audiovisual, porque es muy dif\u00edcil que una mujer sea la directora de fotograf\u00eda, o participar de los oficios t\u00e9cnicos m\u00e1s importantes es muy dificultoso para las mujeres, porque la mayor\u00eda de las veces, con una o dos excepciones, la fotograf\u00eda la hacen los hombres, e independientemente de su condici\u00f3n de g\u00e9nero, es porque tienen m\u00e1s experiencia. Lo que yo siempre me preguntaba es c\u00f3mo le vas a pedir a una persona que tenga experiencia si no le das la oportunidad de ponerse al frente de un departamento de fotograf\u00eda en un trabajo de largo aliento; entonces, en parte, esas fueron dos razones de peso para escoger a mi hermana en la direcci\u00f3n de fotograf\u00eda, y fuera de todo, porque es una gran fot\u00f3grafa.<\/p>\r\n\r\n\r\n\r\n<blockquote class=\"wp-block-quote is-layout-flow wp-block-quote-is-layout-flow\">\r\n<p>&#8230; es muy dif\u00edcil que una mujer sea la directora de fotograf\u00eda, o participar de los oficios t\u00e9cnicos m\u00e1s importantes es muy dificultoso para las mujeres,&#8230;<\/p>\r\n<\/blockquote>\r\n\r\n\r\n\r\n<p>Por otro lado, para m\u00ed era muy importante que la persona que estuviera en el sonido fuera alguien con mucha experiencia, porque finalmente una buena parte de la pel\u00edcula son las atm\u00f3sferas sonoras y las conversaciones, entonces necesitaba que estuvieran perfectamente registradas, porque\u00a0<em>Dopamina\u00a0<\/em>es una pel\u00edcula en la que tienen especial preponderancia los di\u00e1logos, y necesitaba que esa parte quedara muy bien cubierta. Entonces comenzamos a pensar en varias opciones, hasta que manifest\u00e9 que me gustar\u00eda mucho trabajar con C\u00e9sar Salazar, pero nunca imagin\u00e9 que \u00e9l fuera a aceptar, cosa que fue maravillosa para el proyecto, porque C\u00e9sar es una gran persona, tiene mucha experiencia, sabe demasiado, y como si fuera poco, es s\u00faper humilde, muy humano, que nunca se sinti\u00f3 que fuera diferente o mejor que nadie, aspecto que yo personalmente hab\u00eda en parte padecido, porque al menos a m\u00ed no me gusta esa l\u00f3gica de algunos rodajes donde tengo que reverenciar a yo no s\u00e9 qui\u00e9n porque hizo yo no s\u00e9 qu\u00e9 pel\u00edculas, o porque fue el director de tal proyecto. A m\u00ed me parece que independiente del rol de cada uno, que todas las personas merecen respeto por el mero hecho de existir, y luego ya la trayectoria es otra cosa. Finalmente, todos somos seres humanos que valemos y sentimos las mismas cosas.<\/p>\r\n\r\n\r\n\r\n<p><em>En el encuentro en el MAMM mencionaste que para dirigir a los actores-personajes, te guiaste por el m\u00e9todo de la entrenadora de actores F\u00e1tima Toledo, la brasilera que trabaj\u00f3 en\u00a0<\/em>La tierra y la sombra<em>, y cuyo principal divulgador en Colombia de su m\u00e9todo es Carlos el &#8220;Fagua&#8221; Medina. \u00bfC\u00f3mo es el asunto de preparar y dirigir actores-personajes para un documental? \u00bfQuedaste satisfecha o le hubieras podido sacar m\u00e1s provecho?<\/em><\/p>\r\n\r\n\r\n\r\n<p>Con el Fagua ha sido un proceso incre\u00edble, de mucho aprendizaje, que comenz\u00f3 cuando \u00e9l me llam\u00f3 a trabajar en\u00a0<em>Ni\u00f1a errante<\/em>, la pel\u00edcula de Rub\u00e9n Mendoza, y fue a trav\u00e9s de \u00e9l que conoc\u00ed el m\u00e9todo para entrenar y dirigir actores implementado por F\u00e1tima Toledo, que fue muy conveniente para\u00a0<em>Dopamina<\/em>, porque pude\u00a0en poco tiempo absorber lo m\u00e1ximo, y despu\u00e9s aplicarlo directamente al documental. Reconozco que fue una adaptaci\u00f3n sobre la marcha y tambi\u00e9n muy intuitiva. Lo que yo siento es que el m\u00e9todo de F\u00e1tima Toledo logra reconectar a los actores, y en el fondo a los seres humanos, porque siento que muchas veces las personas estamos viviendo a la loca, como sin sentir nada, como sin sentido, como <em>okey<\/em> ma\u00f1ana trabajo y pasado lo mismo, y pasan los d\u00edas y las semanas sin hacer una pausa para reconectarnos con nuestro cuerpo f\u00edsico, con nuestro cuerpo emotivo, con las memorias sensoriales, con las historias pasadas. Entonces lo que hicimos fue adaptar el m\u00e9todo a nuestras necesidades, que consist\u00edan b\u00e1sicamente en traer al presente cosas olvidadas, aspectos personales que estaban silenciados en tu interior, en tu cuerpo f\u00edsico y sensorial, sacarlos a flote, recobrar esos momentos en el documental, porque a m\u00ed me interesaba mucho rescatar esas sensaciones que siempre est\u00e1n en el ambiente, pero que en este caso se trataba de encauzarlos de la mejor manera, casi como algo terap\u00e9utico, que podr\u00eda estar en la \u00f3rbita de lo medicinal, pero de pronto de una manera muy distinta a lo m\u00e1s cl\u00e1sico. Pienso que se lograron liberar muchas tensiones, muchos miedos, que se volcaron en el momento del rodaje, y que, de alguna manera, por medio del cine, se dejaron ah\u00ed expuestas para que se puedan transformar en algo m\u00e1s sobre llevable, m\u00e1s ligero.\u00a0<\/p>\r\n\r\n\r\n\r\n<p><em>Desde el mismo afiche, pasando por el <\/em>trailer<em> y la primera imagen de\u00a0<\/em>Dopamina<em>, siempre est\u00e1 muy presente el agua en sus diferentes manifestaciones: en la piscina, en las nubes, en el r\u00edo, en el Lavapatas. Una de las cualidades fundamentales del agua es la capacidad de curaci\u00f3n, inclusive mencionaste al principio de esta entrevista que uno de los puntos m\u00e1s valiosos de este proyecto fue que te permiti\u00f3 recomponer tus relaciones con tu familia, y que en ese aspecto te hab\u00eda ayudado a sanar esa herida. \u00bfPor qu\u00e9 esa presencia constante del agua en los momentos m\u00e1s importantes de\u00a0<\/em>Dopamina<em>, como en las constantes sesiones con tu padre en la piscina, la ecograf\u00eda, o en el ritual del Lavapatas?<\/em><\/p>\r\n\r\n\r\n\r\n<p>Fue algo muy consciente de mi parte, porque la pel\u00edcula empieza con la ecograf\u00eda de mi madre donde estoy yo dentro de su panza, y eso, por supuesto, es agua. La primera imagen es pues acuosa, y luego est\u00e1n las im\u00e1genes de archivo en VHS en donde mi madre est\u00e1 saliendo del parto, y al mismo tiempo yo cuento la historia del Lavapatas, porque mi mam\u00e1 nada que quedaba en embarazo, y por eso decidieron ir al Huila, a la fuente ceremonial donde a trav\u00e9s de un ritual mi madre pudo quedar por fin en embarazo. Esa primera sensaci\u00f3n que se genera es de vida, en ese caso yo, pero tambi\u00e9n en el caso de mi padre, porque el agua es el medio que le permite moverse mejor, y porque dentro de ella recupera la sensaci\u00f3n de bienestar, de tranquilidad. Este elemento me permiti\u00f3 impulsar los recuerdos, trascender las situaciones familiares, avanzar en el proyecto, realizar un proceso de purificaci\u00f3n y armonizar las diferencias.\u00a0De igual forma, est\u00e1 el momento medio\u00a0perform\u00e1tico\u00a0donde todos los personajes est\u00e1n como una especie de r\u00edo, de selva, en donde mi mam\u00e1 se est\u00e1 echando agua en la cara. Siempre el agua fue el aglutinante de todo.\u00a0<\/p>\r\n\r\n\r\n\r\n<blockquote class=\"wp-block-quote is-layout-flow wp-block-quote-is-layout-flow\">\r\n<p>&#8230; pero tambi\u00e9n en el caso de mi padre, porque el agua es el medio que le permite moverse mejor, y porque dentro de ella recupera la sensaci\u00f3n de bienestar, de tranquilidad. Este elemento me permiti\u00f3 impulsar los recuerdos, trascender las situaciones familiares, avanzar en el proyecto,&#8230;<\/p>\r\n<\/blockquote>\r\n\r\n\r\n\r\n<p><em>El a\u00f1o 2020 fue un a\u00f1o catastr\u00f3fico para la industria del cine en general, que se vio fuertemente golpeada desde antes del inicio de la pandemia, y todav\u00eda en este momento no se sabe a ciencia cierta qu\u00e9 va a pasar con las salas y con las pel\u00edculas que est\u00e1n represadas esperando un estreno. Solamente algunas salas como las del Colombo y la del MAMM han abierto sus puertas, con miles de precauciones y con aforos muy limitados. \u00bfPor qu\u00e9 decidiste estrenar tu pel\u00edcula en salas comerciales en plena\u00a0pandemia? \u00bfCu\u00e1les fueron las circunstancias que te abocaron a esta decisi\u00f3n? \u00bfC\u00f3mo te ha ido con el estreno de la pel\u00edcula en estas condiciones poco habituales?<\/em><\/p>\r\n\r\n\r\n\r\n<p>Lo de hacer el lanzamiento en estas fechas, 3 de diciembre 2020, lo meditamos mucho con Papeto y con Consuelo Castillo, la directora de la agencia\u00a0DOCCO, que es la encargada de la distribuci\u00f3n de la pel\u00edcula. Finalmente decidimos que este era el momento justo por varias\u00a0razones; primero, porque\u00a0<em>Dopamina<\/em>\u00a0ya hab\u00eda tenido su estreno mundial en el festival de Ji.hlava, en Rep\u00fablica Checa, y despu\u00e9s tuvimos un recorrido por varios festivales nacionales e internacionales: Cali, Torino, La Habana, y en marzo vamos para el BACFICI\u00a02021. Segundo, porque yo estuve muy de acuerdo con Consuelo Castillo cuando planteaba que todas las pel\u00edculas tienen su tiempo, que las pel\u00edculas no son eternas, y llegamos a la conclusi\u00f3n de que este era el tiempo para\u00a0<em>Dopamina<\/em>, y sentimos que era necesario mostrarla y poderla compartir. Lo que me parece muy loco es que justo el tiempo de la pandemia y todo lo que ha removido en el interior de las personas, ha sido como el mejor escenario para una pel\u00edcula con estas caracter\u00edsticas. Me parece muy loco, y no lo digo porque me parezca brutal que haya una pandemia, sino que me parece muy significativo lo que la pandemia ha permitido aflorar en las personas. Entonces, siento que\u00a0<em>Dopamina<\/em>\u00a0en este contexto ha llegado de una manera m\u00e1s certera al p\u00fablico, y no s\u00e9 qu\u00e9 hubiera pasado en circunstancias normales con esta pel\u00edcula, pues la recepci\u00f3n de los espectadores me ha dejado muy satisfecha, lo mismo que los conversatorios, las preguntas que te plantean, las cosas que te dicen espont\u00e1neamente las personas que la vieron, que me aseguran que se engancharon con la historia a pesar de ser un asunto tan familiar, que me agradecen haberles permitido ingresar en ese espacio de intimidad, y haberse ellos tambi\u00e9n confrontado de diferentes formas.\u00a0<\/p>\r\n\r\n\r\n&nbsp;\r\n\r\n<a href=\"http:\/\/vartexmedellin.co\/\" target=\"_blank\" rel=\"noopener\"><img loading=\"lazy\" decoding=\"async\" class=\"aligncenter wp-image-2965 size-full\" src=\"http:\/\/canaguaro.cinefagos.net\/n02\/wp-content\/uploads\/sites\/3\/2021\/04\/VARTEX-9_2021.png\" alt=\"\" width=\"660\" height=\"297\" srcset=\"https:\/\/canaguaro.cinefagos.net\/n02\/wp-content\/uploads\/sites\/3\/2021\/04\/VARTEX-9_2021.png 660w, https:\/\/canaguaro.cinefagos.net\/n02\/wp-content\/uploads\/sites\/3\/2021\/04\/VARTEX-9_2021-300x135.png 300w, https:\/\/canaguaro.cinefagos.net\/n02\/wp-content\/uploads\/sites\/3\/2021\/04\/VARTEX-9_2021-480x216.png 480w\" sizes=\"auto, (max-width: 660px) 100vw, 660px\" \/><\/a>\r\n\r\n&nbsp;","protected":false},"excerpt":{"rendered":"<p>\u00d3scar Iv\u00e1n Montoya&#8230;<\/p>\n","protected":false},"author":1,"featured_media":2819,"comment_status":"closed","ping_status":"closed","sticky":false,"template":"","format":"standard","meta":{"footnotes":""},"categories":[7],"tags":[],"class_list":["post-2552","post","type-post","status-publish","format-standard","has-post-thumbnail","hentry","category-entrevistas"],"yoast_head":"<!-- This site is optimized with the Yoast SEO plugin v26.5 - https:\/\/yoast.com\/wordpress\/plugins\/seo\/ -->\n<title>Entrevista a Natalia Imery Almario - CANAGUARO - Revista de cine colombiano - Segunda edici\u00f3n<\/title>\n<meta name=\"robots\" content=\"index, follow, max-snippet:-1, max-image-preview:large, max-video-preview:-1\" \/>\n<link rel=\"canonical\" href=\"https:\/\/canaguaro.cinefagos.net\/n02\/entrevista-con-natalia-imery-almario\/\" \/>\n<meta property=\"og:locale\" content=\"en_US\" \/>\n<meta property=\"og:type\" content=\"article\" \/>\n<meta property=\"og:title\" content=\"Entrevista a Natalia Imery Almario - CANAGUARO - Revista de cine colombiano - Segunda edici\u00f3n\" \/>\n<meta property=\"og:description\" content=\"\u00d3scar Iv\u00e1n Montoya...\" \/>\n<meta property=\"og:url\" content=\"https:\/\/canaguaro.cinefagos.net\/n02\/entrevista-con-natalia-imery-almario\/\" \/>\n<meta property=\"og:site_name\" content=\"CANAGUARO - Revista de cine colombiano - Segunda edici\u00f3n\" \/>\n<meta property=\"article:published_time\" content=\"2021-04-09T20:19:52+00:00\" \/>\n<meta property=\"article:modified_time\" content=\"2021-04-19T22:14:21+00:00\" \/>\n<meta property=\"og:image\" content=\"https:\/\/canaguaro.cinefagos.net\/n02\/wp-content\/uploads\/sites\/3\/2021\/04\/natalia-almario.jpg\" \/>\n\t<meta property=\"og:image:width\" content=\"1280\" \/>\n\t<meta property=\"og:image:height\" content=\"720\" \/>\n\t<meta property=\"og:image:type\" content=\"image\/jpeg\" \/>\n<meta name=\"author\" content=\"admin\" \/>\n<meta name=\"twitter:card\" content=\"summary_large_image\" \/>\n<meta name=\"twitter:label1\" content=\"Written by\" \/>\n\t<meta name=\"twitter:data1\" content=\"admin\" \/>\n\t<meta name=\"twitter:label2\" content=\"Est. reading time\" \/>\n\t<meta name=\"twitter:data2\" content=\"18 minutes\" \/>\n<script type=\"application\/ld+json\" class=\"yoast-schema-graph\">{\"@context\":\"https:\/\/schema.org\",\"@graph\":[{\"@type\":\"WebPage\",\"@id\":\"https:\/\/canaguaro.cinefagos.net\/n02\/entrevista-con-natalia-imery-almario\/\",\"url\":\"https:\/\/canaguaro.cinefagos.net\/n02\/entrevista-con-natalia-imery-almario\/\",\"name\":\"Entrevista a Natalia Imery Almario - CANAGUARO - Revista de cine colombiano - Segunda edici\u00f3n\",\"isPartOf\":{\"@id\":\"https:\/\/canaguaro.cinefagos.net\/n02\/#website\"},\"primaryImageOfPage\":{\"@id\":\"https:\/\/canaguaro.cinefagos.net\/n02\/entrevista-con-natalia-imery-almario\/#primaryimage\"},\"image\":{\"@id\":\"https:\/\/canaguaro.cinefagos.net\/n02\/entrevista-con-natalia-imery-almario\/#primaryimage\"},\"thumbnailUrl\":\"https:\/\/canaguaro.cinefagos.net\/n02\/wp-content\/uploads\/sites\/3\/2021\/04\/natalia-almario.jpg\",\"datePublished\":\"2021-04-09T20:19:52+00:00\",\"dateModified\":\"2021-04-19T22:14:21+00:00\",\"author\":{\"@id\":\"https:\/\/canaguaro.cinefagos.net\/n02\/#\/schema\/person\/e08bd89ff0fc2cab36e00254c8fe7c30\"},\"breadcrumb\":{\"@id\":\"https:\/\/canaguaro.cinefagos.net\/n02\/entrevista-con-natalia-imery-almario\/#breadcrumb\"},\"inLanguage\":\"en-US\",\"potentialAction\":[{\"@type\":\"ReadAction\",\"target\":[\"https:\/\/canaguaro.cinefagos.net\/n02\/entrevista-con-natalia-imery-almario\/\"]}]},{\"@type\":\"ImageObject\",\"inLanguage\":\"en-US\",\"@id\":\"https:\/\/canaguaro.cinefagos.net\/n02\/entrevista-con-natalia-imery-almario\/#primaryimage\",\"url\":\"https:\/\/canaguaro.cinefagos.net\/n02\/wp-content\/uploads\/sites\/3\/2021\/04\/natalia-almario.jpg\",\"contentUrl\":\"https:\/\/canaguaro.cinefagos.net\/n02\/wp-content\/uploads\/sites\/3\/2021\/04\/natalia-almario.jpg\",\"width\":1280,\"height\":720},{\"@type\":\"BreadcrumbList\",\"@id\":\"https:\/\/canaguaro.cinefagos.net\/n02\/entrevista-con-natalia-imery-almario\/#breadcrumb\",\"itemListElement\":[{\"@type\":\"ListItem\",\"position\":1,\"name\":\"Home\",\"item\":\"https:\/\/canaguaro.cinefagos.net\/n02\/\"},{\"@type\":\"ListItem\",\"position\":2,\"name\":\"Entrevista a Natalia Imery Almario\"}]},{\"@type\":\"WebSite\",\"@id\":\"https:\/\/canaguaro.cinefagos.net\/n02\/#website\",\"url\":\"https:\/\/canaguaro.cinefagos.net\/n02\/\",\"name\":\"CANAGUARO - Revista de cine colombiano - Segunda edici\u00f3n\",\"description\":\"Revista de Cine Colombiano\",\"potentialAction\":[{\"@type\":\"SearchAction\",\"target\":{\"@type\":\"EntryPoint\",\"urlTemplate\":\"https:\/\/canaguaro.cinefagos.net\/n02\/?s={search_term_string}\"},\"query-input\":{\"@type\":\"PropertyValueSpecification\",\"valueRequired\":true,\"valueName\":\"search_term_string\"}}],\"inLanguage\":\"en-US\"},{\"@type\":\"Person\",\"@id\":\"https:\/\/canaguaro.cinefagos.net\/n02\/#\/schema\/person\/e08bd89ff0fc2cab36e00254c8fe7c30\",\"name\":\"admin\",\"image\":{\"@type\":\"ImageObject\",\"inLanguage\":\"en-US\",\"@id\":\"https:\/\/canaguaro.cinefagos.net\/n02\/#\/schema\/person\/image\/\",\"url\":\"https:\/\/secure.gravatar.com\/avatar\/6bfb5e7ea347ed86f579ece251577a81a1cffe3c7c84a4cbc01e5de982797880?s=96&d=mm&r=g\",\"contentUrl\":\"https:\/\/secure.gravatar.com\/avatar\/6bfb5e7ea347ed86f579ece251577a81a1cffe3c7c84a4cbc01e5de982797880?s=96&d=mm&r=g\",\"caption\":\"admin\"},\"sameAs\":[\"http:\/\/canaguaro.cinefagos.net\"],\"url\":\"https:\/\/canaguaro.cinefagos.net\/n02\/author\/admin\/\"}]}<\/script>\n<!-- \/ Yoast SEO plugin. -->","yoast_head_json":{"title":"Entrevista a Natalia Imery Almario - CANAGUARO - Revista de cine colombiano - Segunda edici\u00f3n","robots":{"index":"index","follow":"follow","max-snippet":"max-snippet:-1","max-image-preview":"max-image-preview:large","max-video-preview":"max-video-preview:-1"},"canonical":"https:\/\/canaguaro.cinefagos.net\/n02\/entrevista-con-natalia-imery-almario\/","og_locale":"en_US","og_type":"article","og_title":"Entrevista a Natalia Imery Almario - CANAGUARO - Revista de cine colombiano - Segunda edici\u00f3n","og_description":"\u00d3scar Iv\u00e1n Montoya...","og_url":"https:\/\/canaguaro.cinefagos.net\/n02\/entrevista-con-natalia-imery-almario\/","og_site_name":"CANAGUARO - Revista de cine colombiano - Segunda edici\u00f3n","article_published_time":"2021-04-09T20:19:52+00:00","article_modified_time":"2021-04-19T22:14:21+00:00","og_image":[{"width":1280,"height":720,"url":"https:\/\/canaguaro.cinefagos.net\/n02\/wp-content\/uploads\/sites\/3\/2021\/04\/natalia-almario.jpg","type":"image\/jpeg"}],"author":"admin","twitter_card":"summary_large_image","twitter_misc":{"Written by":"admin","Est. reading time":"18 minutes"},"schema":{"@context":"https:\/\/schema.org","@graph":[{"@type":"WebPage","@id":"https:\/\/canaguaro.cinefagos.net\/n02\/entrevista-con-natalia-imery-almario\/","url":"https:\/\/canaguaro.cinefagos.net\/n02\/entrevista-con-natalia-imery-almario\/","name":"Entrevista a Natalia Imery Almario - CANAGUARO - Revista de cine colombiano - Segunda edici\u00f3n","isPartOf":{"@id":"https:\/\/canaguaro.cinefagos.net\/n02\/#website"},"primaryImageOfPage":{"@id":"https:\/\/canaguaro.cinefagos.net\/n02\/entrevista-con-natalia-imery-almario\/#primaryimage"},"image":{"@id":"https:\/\/canaguaro.cinefagos.net\/n02\/entrevista-con-natalia-imery-almario\/#primaryimage"},"thumbnailUrl":"https:\/\/canaguaro.cinefagos.net\/n02\/wp-content\/uploads\/sites\/3\/2021\/04\/natalia-almario.jpg","datePublished":"2021-04-09T20:19:52+00:00","dateModified":"2021-04-19T22:14:21+00:00","author":{"@id":"https:\/\/canaguaro.cinefagos.net\/n02\/#\/schema\/person\/e08bd89ff0fc2cab36e00254c8fe7c30"},"breadcrumb":{"@id":"https:\/\/canaguaro.cinefagos.net\/n02\/entrevista-con-natalia-imery-almario\/#breadcrumb"},"inLanguage":"en-US","potentialAction":[{"@type":"ReadAction","target":["https:\/\/canaguaro.cinefagos.net\/n02\/entrevista-con-natalia-imery-almario\/"]}]},{"@type":"ImageObject","inLanguage":"en-US","@id":"https:\/\/canaguaro.cinefagos.net\/n02\/entrevista-con-natalia-imery-almario\/#primaryimage","url":"https:\/\/canaguaro.cinefagos.net\/n02\/wp-content\/uploads\/sites\/3\/2021\/04\/natalia-almario.jpg","contentUrl":"https:\/\/canaguaro.cinefagos.net\/n02\/wp-content\/uploads\/sites\/3\/2021\/04\/natalia-almario.jpg","width":1280,"height":720},{"@type":"BreadcrumbList","@id":"https:\/\/canaguaro.cinefagos.net\/n02\/entrevista-con-natalia-imery-almario\/#breadcrumb","itemListElement":[{"@type":"ListItem","position":1,"name":"Home","item":"https:\/\/canaguaro.cinefagos.net\/n02\/"},{"@type":"ListItem","position":2,"name":"Entrevista a Natalia Imery Almario"}]},{"@type":"WebSite","@id":"https:\/\/canaguaro.cinefagos.net\/n02\/#website","url":"https:\/\/canaguaro.cinefagos.net\/n02\/","name":"CANAGUARO - Revista de cine colombiano - Segunda edici\u00f3n","description":"Revista de Cine Colombiano","potentialAction":[{"@type":"SearchAction","target":{"@type":"EntryPoint","urlTemplate":"https:\/\/canaguaro.cinefagos.net\/n02\/?s={search_term_string}"},"query-input":{"@type":"PropertyValueSpecification","valueRequired":true,"valueName":"search_term_string"}}],"inLanguage":"en-US"},{"@type":"Person","@id":"https:\/\/canaguaro.cinefagos.net\/n02\/#\/schema\/person\/e08bd89ff0fc2cab36e00254c8fe7c30","name":"admin","image":{"@type":"ImageObject","inLanguage":"en-US","@id":"https:\/\/canaguaro.cinefagos.net\/n02\/#\/schema\/person\/image\/","url":"https:\/\/secure.gravatar.com\/avatar\/6bfb5e7ea347ed86f579ece251577a81a1cffe3c7c84a4cbc01e5de982797880?s=96&d=mm&r=g","contentUrl":"https:\/\/secure.gravatar.com\/avatar\/6bfb5e7ea347ed86f579ece251577a81a1cffe3c7c84a4cbc01e5de982797880?s=96&d=mm&r=g","caption":"admin"},"sameAs":["http:\/\/canaguaro.cinefagos.net"],"url":"https:\/\/canaguaro.cinefagos.net\/n02\/author\/admin\/"}]}},"_links":{"self":[{"href":"https:\/\/canaguaro.cinefagos.net\/n02\/wp-json\/wp\/v2\/posts\/2552","targetHints":{"allow":["GET"]}}],"collection":[{"href":"https:\/\/canaguaro.cinefagos.net\/n02\/wp-json\/wp\/v2\/posts"}],"about":[{"href":"https:\/\/canaguaro.cinefagos.net\/n02\/wp-json\/wp\/v2\/types\/post"}],"author":[{"embeddable":true,"href":"https:\/\/canaguaro.cinefagos.net\/n02\/wp-json\/wp\/v2\/users\/1"}],"replies":[{"embeddable":true,"href":"https:\/\/canaguaro.cinefagos.net\/n02\/wp-json\/wp\/v2\/comments?post=2552"}],"version-history":[{"count":6,"href":"https:\/\/canaguaro.cinefagos.net\/n02\/wp-json\/wp\/v2\/posts\/2552\/revisions"}],"predecessor-version":[{"id":3010,"href":"https:\/\/canaguaro.cinefagos.net\/n02\/wp-json\/wp\/v2\/posts\/2552\/revisions\/3010"}],"wp:featuredmedia":[{"embeddable":true,"href":"https:\/\/canaguaro.cinefagos.net\/n02\/wp-json\/wp\/v2\/media\/2819"}],"wp:attachment":[{"href":"https:\/\/canaguaro.cinefagos.net\/n02\/wp-json\/wp\/v2\/media?parent=2552"}],"wp:term":[{"taxonomy":"category","embeddable":true,"href":"https:\/\/canaguaro.cinefagos.net\/n02\/wp-json\/wp\/v2\/categories?post=2552"},{"taxonomy":"post_tag","embeddable":true,"href":"https:\/\/canaguaro.cinefagos.net\/n02\/wp-json\/wp\/v2\/tags?post=2552"}],"curies":[{"name":"wp","href":"https:\/\/api.w.org\/{rel}","templated":true}]}}