{"id":444,"date":"2021-12-06T16:30:22","date_gmt":"2021-12-06T16:30:22","guid":{"rendered":"https:\/\/canaguaro.cinefagos.net\/n04\/?p=444"},"modified":"2021-12-13T14:24:12","modified_gmt":"2021-12-13T14:24:12","slug":"entrevista-a-henry-rincon","status":"publish","type":"post","link":"https:\/\/canaguaro.cinefagos.net\/n04\/entrevista-a-henry-rincon\/","title":{"rendered":"Entrevista a Henry Rinc\u00f3n"},"content":{"rendered":"<p class=\"autor\">Ja\u00edr Villano<\/p>\n<p style=\"text-align: right;\"><img loading=\"lazy\" decoding=\"async\" class=\"size-full wp-image-42 aligncenter\" src=\"https:\/\/canaguaro.cinefagos.net\/n04\/wp-content\/uploads\/sites\/6\/2021\/08\/sep.png\" alt=\"\" width=\"22\" height=\"8\" \/><\/p>\n<p><em>El largometraje del antioque\u00f1o Henry Rinc\u00f3n hace parte de la Competencia Nacional del FICCALI 2021. Se estar\u00e1 proyectando en varios teatros con presencia del director.<\/em><\/p>\n<p><em>\u00a0<\/em><\/p>\n<p style=\"text-align: right;\">\u201cEsta pel\u00edcula es un homenaje a los raperos, a los l\u00edderes sociales y a todo aquel que ha muerto por manifestar su sentir\u201d -Henry Rinc\u00f3n-<\/p>\n<p>&nbsp;<\/p>\n<p>&nbsp;<\/p>\n<p class=\"entradilla\">Tato y sus amigos solo quieren pasarla bien en las batallas de improvisaci\u00f3n en las que les gusta participar. Pero la existencia en s\u00ed misma es una batalla: una implacable, una dura, una dif\u00edcil de explicar. Sobre todo, cuando las adversidades surgen por razones ajenas a la voluntad personal. La calle, el barrio, la comuna, la ciudad, y el pa\u00eds, como \u00f3bice. El lugar de nacimiento como superaci\u00f3n, y no como oportunidad.<\/p>\n<p>&nbsp;<\/p>\n<p><em>La ciudad de las fieras<\/em> (2021) es un homenaje a los raperos de las comunas de Medell\u00edn, pero tambi\u00e9n es una cr\u00edtica frontal a la ciudad y el pa\u00eds en el que la mayor\u00eda de los j\u00f3venes de menos recursos nacen. Un retrato descarnado y sincero de lo que es ser menor para muchos en Colombia. M\u00e1s a\u00fan: de los riesgos de hallar en el arte un m\u00e9todo que expresa la impotencia y la frustraci\u00f3n, ese sin sentido de la vida y el entorno que censura lo que para otros es libertad: letras, l\u00edricas, grafitis. La manifestaci\u00f3n art\u00edstica como abismo que conduce a la muerte.<\/p>\n<p>&nbsp;<\/p>\n<p>Es tambi\u00e9n un homenaje a la soledad, ese estado al que las culturas modernas le huyen, dada la proliferaci\u00f3n de positividad exigida por el r\u00e9gimen neoliberal. La soledad desde distintos matices: del hu\u00e9rfano, del abandonado, del amigo, del que no halla horizonte. Hablamos con el director de la pel\u00edcula ganadora del Warnermedia Ibero-American Feature Film Award, en el\u00a0Miami Film Festival.<\/p>\n<p><em>La ciudad de las fieras genera incomodidad: nos habla de una realidad que parece manida, pero nunca superada, de un pa\u00eds y una ciudad de problem\u00e1ticas interminables, del sin sentido de la juventud, de su incapacidad de hallar un horizonte, de la ausencia de futuro por razones ajenas a su voluntad. \u00bfCu\u00e1l es el efecto que busca Henry Rinc\u00f3n en el espectador de este largometraje?<\/em><\/p>\n<p>Como bien lo dices, es una pel\u00edcula que busca incomodar y cuestionar a la audiencia, porque es un cine que nos permite reconocernos y a partir de eso generar un di\u00e1logo alrededor de la violencia, la inequidad, la juventud sin un horizonte claro, por lo menos, esa juventud venida de las periferias, donde en ocasiones las oportunidades son escasas.<\/p>\n<blockquote>\n<p class=\"destacado\">&#8230;es una pel\u00edcula que busca incomodar y cuestionar a la audiencia, porque es un cine que nos permite reconocernos y a partir de eso generar un di\u00e1logo alrededor de la violencia, la inequidad, la juventud sin un horizonte claro&#8230;<\/p>\n<\/blockquote>\n<p>Mi b\u00fasqueda es el de confrontarnos como sociedad, porque al final, venimos viviendo una realidad que no es distante a lo que retrata la pel\u00edcula. Porque precisamente esa mezcla de generaciones ha sido, para bien o para mal, una generaci\u00f3n del pasado, que ven en los j\u00f3venes contestatarios unos delincuentes, sin metas, sin sue\u00f1os. Algo que dista mucho de lo que sucede en el pensar de los j\u00f3venes que se cansaron del abuso, y acuden al arte, la m\u00fasica como medio para alejarse de la violencia. Lastimosamente, la violencia est\u00e1 enquistada en la sociedad colombiana. Ac\u00e1 se normaliz\u00f3 la muerte, y por eso es que muchos de los j\u00f3venes no ven un futuro. Es una pel\u00edcula creada para que al final surjan muchas preguntas, que inviten al di\u00e1logo y la reflexi\u00f3n.<\/p>\n<p>&nbsp;<\/p>\n<p><em>\u00bfPor qu\u00e9 el inter\u00e9s por el retrato juvenil crudo y descarnado?<\/em><\/p>\n<p>Porque es una de las etapas de la vida donde se est\u00e1 a un paso de la vida o de la muerte. Por lo menos ac\u00e1 en Colombia, y algunos muchos otros pa\u00edses. Porque tenemos una cultura de violencia muy arraigada, que el joven sin recursos y sin oportunidades, va a querer hacer las cosas para su inter\u00e9s, sin medir las consecuencias.<\/p>\n<p>&nbsp;<\/p>\n<p>Porque la adolescencia y la juventud son momentos de incertidumbre que vivimos todos o casi todos, de no saber cu\u00e1l es nuestro lugar en el mundo. En mi caso, la historia responde muchas de las preguntas que hoy en d\u00eda me planteo de lo que es ser joven en Colombia. De mi papel en ese momento de mi vida, de qu\u00e9 decisiones tom\u00e9 para bien o para mal. Creo que ese universo de la juventud es un lugar a\u00fan sin entender del todo. Se vive en una constante exploraci\u00f3n.<\/p>\n<p>&nbsp;<\/p>\n<p><em>Es un largometraje ubicado en Medell\u00edn, pero lo que viven Tato y sus amigos les podr\u00eda pasar a muchos j\u00f3venes de cualquier ciudad latinoamericana. La literatura ha hecho diversos retratos generacionales sobre esto: desde Arlt (Argentina) hasta Ribeyro (Per\u00fa), desde Agust\u00edn (M\u00e9xico) hasta Fonseca (Brasil). \u00bfQu\u00e9 considera usted que les aporta el cine a estos tratamientos?<\/em><\/p>\n<p>Creo que toda la literatura Latinoam\u00e9rica y el cine se han nutrido conjuntamente. Mucho de lo que es el cine, es porque en los libros, en las novelas, en las cr\u00f3nicas se retrata un com\u00fan denominador, que es esa juventud olvidada, casi como sombras. A lo largo de los a\u00f1os, los gobiernos de este lado del hemisferio han intentado cegar y silenciar la voz de la juventud. Algo que de unos a\u00f1os para ac\u00e1 ha cambiado.<\/p>\n<p>&nbsp;<\/p>\n<p>Pero tambi\u00e9n la literatura y el cine han logrado una amalgama art\u00edstica, que cambia al momento de leerse y luego verla. Justo cuando lo po\u00e9tico toma un nuevo sentido. En nuestro caso, tuvimos algunas referencias pict\u00f3ricas y literarias, para retratar algunos momentos donde quer\u00edamos que la potencia la imagen comunicara el momento, sin ahogarnos en di\u00e1logos.<\/p>\n<p>&nbsp;<\/p>\n<p><em>El rap y el hip-hop son un elemento fundamental, no solo porque a Tato le gusta enfrentarse en batallas de improvisaci\u00f3n, tambi\u00e9n porque la pel\u00edcula puede leerse como una representaci\u00f3n de las circunstancias que atraviesan muchos de los artistas de este g\u00e9nero musical. \u00bfEra esa la intenci\u00f3n? \u00bfUn homenaje a los raperos?<\/em><\/p>\n<p>Claramente era la intenci\u00f3n. Parte de la pel\u00edcula nace por mi inter\u00e9s o preocupaci\u00f3n porque durante un tiempo algunos artistas del g\u00e9nero hip hop ac\u00e1 en Medell\u00edn, o que hac\u00edan parte de la cultura eran amenazados, y en muchos casos asesinados, desaparecidos, porque se convirtieron en protagonistas de la denuncia social de sus barrios, de su ciudad y de su pa\u00eds.<\/p>\n<p>&nbsp;<\/p>\n<blockquote>\n<p class=\"destacado\">Parte de la pel\u00edcula nace por mi inter\u00e9s o preocupaci\u00f3n porque durante un tiempo algunos artistas del g\u00e9nero hip hop ac\u00e1 en Medell\u00edn, o que hac\u00edan parte de la cultura eran amenazados, y en muchos casos asesinados, desaparecidos&#8230;<\/p>\n<\/blockquote>\n<p>&nbsp;<\/p>\n<p>En un pa\u00eds donde el hablar es sin\u00f3nimo de violencia. En un pa\u00eds donde estos chicos han encontrado en las rimas, en los grafitis, en el baile, unas armas incre\u00edbles para arrebatarle j\u00f3venes a la violencia, y por el contrario acercarlos al arte.<\/p>\n<p>&nbsp;<\/p>\n<p>Incluso hoy en d\u00eda se sigue repitiendo esa premisa con la que inici\u00e9 el viaje creativo de <em>La Ciudad de las Fieras<\/em>, ya que hace pocas semanas cuatro chicos fueron asesinados en el parque de San Rafael, Antioquia, momento en el que improvisaban y ve\u00edan en este espacio un camino para encontrarse y generar conciencia.<\/p>\n<p>&nbsp;<\/p>\n<p>Esta pel\u00edcula es un homenaje a los raperos, a los l\u00edderes sociales y a todo aqu\u00e9l que ha muerto por manifestar su sentir, y mucho m\u00e1s importante, porque querer un lugar donde todos quepamos.<\/p>\n<p><em>\u00a0<\/em><\/p>\n<p><em>Hay algo que me llama poderosamente la atenci\u00f3n: la pel\u00edcula se llama <\/em>La ciudad de las fieras<em>, pero hay un contraste interesante en las formas de representar la soledad: la de Tato, un chico de la urbe, y su abuelo, que habita en el campo y trabaja con flores\u2026<\/em><\/p>\n<p>La soledad adopta un significado diferente de acuerdo al contexto, y en la pel\u00edcula quer\u00eda explorar esa soledad, cuando uno mismo no se haya, pero tambi\u00e9n la soledad del espacio, del amor, del no encontrar su lugar en el mundo.<\/p>\n<p>&nbsp;<\/p>\n<p>Siempre la soledad ser\u00e1 un tema que uno puedo explorar y ahondar en descubrir c\u00f3mo todos reaccionamos a \u00e9l. En la pel\u00edcula busqu\u00e9 como llegar a la soledad, cuando todo lo que te rodea ya no es. La soledad en el campo. La soledad en la ciudad. La soledad cuando se est\u00e1 acompa\u00f1ado, pero tambi\u00e9n la soledad por decisi\u00f3n. Al final, siempre la soledad ser\u00e1 ese momento donde el silencio llega para incomodarnos, pero tambi\u00e9n para traernos la calma y el reencuentro consigo mismo. Es por eso que desarrollo esta soledad en nuestros personajes, donde en cada uno de esos momentos, piensan en que no tienen el control de nada. Sus vidas est\u00e1n a la deriva de la situaci\u00f3n social del barrio, pero tambi\u00e9n a la partida de un ser querido; tambi\u00e9n a la soledad por decisi\u00f3n, y tambi\u00e9n sujetos a los que la muerte les llega sin aviso alguno.<\/p>\n<p>&nbsp;<\/p>\n<p>\u00bfQu\u00e9 pasar\u00eda en ese momento? \u00bfC\u00f3mo lo asumir\u00eda?, quiz\u00e1s por eso el final que se ve en la pel\u00edcula es uno de los cinco finales que encontramos durante el proceso de montaje; precisamente porque intent\u00e1bamos responder qu\u00e9 sensaci\u00f3n dejarle al espectador. Y claro est\u00e1, la soledad hizo parte de esos posibles finales.<\/p>\n<p>&nbsp;<\/p>\n<p><em>Usted conoci\u00f3 a Bryan C\u00f3rdoba -mejor conocido por su nombre art\u00edstico como Elepz- en una batalla de freestyle, cu\u00e9ntenos c\u00f3mo fue el proceso de trabajo con alguien que hasta antes de eso nunca hab\u00eda actuado. <\/em><\/p>\n<p>Lo desconocido siempre trae incertidumbre, un sin fin de sensaciones y un bombardeo de emociones. Esto precisamente fue mi sensaci\u00f3n al conocer y trabajar con Elepz. Un joven que no estaba muy distante de la ficci\u00f3n que planteaba el guion. Un joven con una verdad en su sentir y en su vida. Un personaje cargado de matices, que iba de la ira a la calma, de lo explosivo a lo silencioso. \u00a0Ah\u00ed es donde uno se convierte un poco, en ese amigo, que aconsejaba, guiaba y tambi\u00e9n invitaba a equivocarse, para entender, corregir y hacerlo cada d\u00eda mejor.<\/p>\n<p>&nbsp;<\/p>\n<blockquote>\n<p class=\"destacado\">Un personaje cargado de matices, que iba de la ira a la calma, de lo explosivo a lo silencioso.<\/p>\n<\/blockquote>\n<p>Cada d\u00eda de trabajo era un aprendizaje conjunto, porque nunca quise ense\u00f1arles a actuar. Nuestro proceso simplemente fue que aprendieran a conocer su cuerpo, y en especial Elepz, cuando fue entendiendo esto de manera consciente, fue organizando su estilo de vida para lo que en ese momento quer\u00eda alcanzar como rapero.<\/p>\n<p>&nbsp;<\/p>\n<p>Al final Elepz siempre tuvo un grado de disciplina admirable, entendiendo el entorno y el contexto de d\u00f3nde proven\u00eda. Todo era una sorpresa. Cada ensayo, cada d\u00eda de rodaje era un choque con el desconocimiento, porque nunca tuvo el guion, y nunca le cont\u00e9 de d\u00f3nde a d\u00f3nde iba la historia. Simplemente le dije a \u00e9l y el resto de los actores no formados, que me tomaran de la mano, que creyeran en m\u00ed, para embarcarnos y divertimos contando una historia que tiene muchos matices personales.<\/p>\n<p>&nbsp;<\/p>\n<p>Muchos momentos de la pel\u00edcula, son grandes momentos de verdad, que m\u00e1s que ser improvisaciones genuinas de Bryan, eran un grito de credibilidad y de compenetraci\u00f3n con la historia y su entorno.<\/p>\n","protected":false},"excerpt":{"rendered":"<p>Ja\u00edr Villano<\/p>\n","protected":false},"author":1,"featured_media":662,"comment_status":"closed","ping_status":"closed","sticky":false,"template":"","format":"standard","meta":{"footnotes":""},"categories":[6],"tags":[],"class_list":["post-444","post","type-post","status-publish","format-standard","has-post-thumbnail","hentry","category-entrevistas"],"yoast_head":"<!-- This site is optimized with the Yoast SEO plugin v26.5 - https:\/\/yoast.com\/wordpress\/plugins\/seo\/ -->\n<title>Entrevista a Henry Rinc\u00f3n - CANAGUARO - Revista de cine colombiano - Cuarta edici\u00f3n<\/title>\n<meta name=\"description\" content=\"Revista de Cine Colombiano - Edici\u00f3n N\u00b04 - Diciembre de 2021\" \/>\n<meta name=\"robots\" content=\"index, follow, max-snippet:-1, max-image-preview:large, max-video-preview:-1\" \/>\n<link rel=\"canonical\" href=\"https:\/\/canaguaro.cinefagos.net\/n04\/entrevista-a-henry-rincon\/\" \/>\n<meta property=\"og:locale\" content=\"es_ES\" \/>\n<meta property=\"og:type\" content=\"article\" \/>\n<meta property=\"og:title\" content=\"Entrevista a Henry Rinc\u00f3n - CANAGUARO - Revista de cine colombiano - Cuarta edici\u00f3n\" \/>\n<meta property=\"og:description\" content=\"Revista de Cine Colombiano - Edici\u00f3n N\u00b04 - Diciembre de 2021\" \/>\n<meta property=\"og:url\" content=\"https:\/\/canaguaro.cinefagos.net\/n04\/entrevista-a-henry-rincon\/\" \/>\n<meta property=\"og:site_name\" content=\"CANAGUARO - Revista de cine colombiano - Cuarta edici\u00f3n\" \/>\n<meta property=\"article:publisher\" content=\"https:\/\/www.facebook.com\/cinefagos.net\" \/>\n<meta property=\"article:published_time\" content=\"2021-12-06T16:30:22+00:00\" \/>\n<meta property=\"article:modified_time\" content=\"2021-12-13T14:24:12+00:00\" \/>\n<meta property=\"og:image\" content=\"https:\/\/canaguaro.cinefagos.net\/n04\/wp-content\/uploads\/sites\/6\/2021\/12\/Henry-Rincon_web2.jpg\" \/>\n\t<meta property=\"og:image:width\" content=\"1280\" \/>\n\t<meta property=\"og:image:height\" content=\"720\" \/>\n\t<meta property=\"og:image:type\" content=\"image\/jpeg\" \/>\n<meta name=\"author\" content=\"admin\" \/>\n<meta name=\"twitter:card\" content=\"summary_large_image\" \/>\n<meta name=\"twitter:creator\" content=\"@cinefagosnet\" \/>\n<meta name=\"twitter:site\" content=\"@cinefagosnet\" \/>\n<meta name=\"twitter:label1\" content=\"Written by\" \/>\n\t<meta name=\"twitter:data1\" content=\"admin\" \/>\n\t<meta name=\"twitter:label2\" content=\"Est. reading time\" \/>\n\t<meta name=\"twitter:data2\" content=\"9 minutes\" \/>\n<script type=\"application\/ld+json\" class=\"yoast-schema-graph\">{\"@context\":\"https:\/\/schema.org\",\"@graph\":[{\"@type\":\"WebPage\",\"@id\":\"https:\/\/canaguaro.cinefagos.net\/n04\/entrevista-a-henry-rincon\/\",\"url\":\"https:\/\/canaguaro.cinefagos.net\/n04\/entrevista-a-henry-rincon\/\",\"name\":\"Entrevista a Henry Rinc\u00f3n - CANAGUARO - Revista de cine colombiano - Cuarta edici\u00f3n\",\"isPartOf\":{\"@id\":\"https:\/\/canaguaro.cinefagos.net\/n04\/#website\"},\"primaryImageOfPage\":{\"@id\":\"https:\/\/canaguaro.cinefagos.net\/n04\/entrevista-a-henry-rincon\/#primaryimage\"},\"image\":{\"@id\":\"https:\/\/canaguaro.cinefagos.net\/n04\/entrevista-a-henry-rincon\/#primaryimage\"},\"thumbnailUrl\":\"https:\/\/canaguaro.cinefagos.net\/n04\/wp-content\/uploads\/sites\/6\/2021\/12\/Henry-Rincon_web2.jpg\",\"datePublished\":\"2021-12-06T16:30:22+00:00\",\"dateModified\":\"2021-12-13T14:24:12+00:00\",\"author\":{\"@id\":\"https:\/\/canaguaro.cinefagos.net\/n04\/#\/schema\/person\/e08bd89ff0fc2cab36e00254c8fe7c30\"},\"description\":\"Revista de Cine Colombiano - Edici\u00f3n N\u00b04 - Diciembre de 2021\",\"breadcrumb\":{\"@id\":\"https:\/\/canaguaro.cinefagos.net\/n04\/entrevista-a-henry-rincon\/#breadcrumb\"},\"inLanguage\":\"es-ES\",\"potentialAction\":[{\"@type\":\"ReadAction\",\"target\":[\"https:\/\/canaguaro.cinefagos.net\/n04\/entrevista-a-henry-rincon\/\"]}]},{\"@type\":\"ImageObject\",\"inLanguage\":\"es-ES\",\"@id\":\"https:\/\/canaguaro.cinefagos.net\/n04\/entrevista-a-henry-rincon\/#primaryimage\",\"url\":\"https:\/\/canaguaro.cinefagos.net\/n04\/wp-content\/uploads\/sites\/6\/2021\/12\/Henry-Rincon_web2.jpg\",\"contentUrl\":\"https:\/\/canaguaro.cinefagos.net\/n04\/wp-content\/uploads\/sites\/6\/2021\/12\/Henry-Rincon_web2.jpg\",\"width\":1280,\"height\":720},{\"@type\":\"BreadcrumbList\",\"@id\":\"https:\/\/canaguaro.cinefagos.net\/n04\/entrevista-a-henry-rincon\/#breadcrumb\",\"itemListElement\":[{\"@type\":\"ListItem\",\"position\":1,\"name\":\"Portada\",\"item\":\"https:\/\/canaguaro.cinefagos.net\/n04\/\"},{\"@type\":\"ListItem\",\"position\":2,\"name\":\"Entrevista a Henry Rinc\u00f3n\"}]},{\"@type\":\"WebSite\",\"@id\":\"https:\/\/canaguaro.cinefagos.net\/n04\/#website\",\"url\":\"https:\/\/canaguaro.cinefagos.net\/n04\/\",\"name\":\"CANAGUARO - Revista de cine colombiano - Cuarta edici\u00f3n\",\"description\":\"Revista de cine colombiano\",\"potentialAction\":[{\"@type\":\"SearchAction\",\"target\":{\"@type\":\"EntryPoint\",\"urlTemplate\":\"https:\/\/canaguaro.cinefagos.net\/n04\/?s={search_term_string}\"},\"query-input\":{\"@type\":\"PropertyValueSpecification\",\"valueRequired\":true,\"valueName\":\"search_term_string\"}}],\"inLanguage\":\"es-ES\"},{\"@type\":\"Person\",\"@id\":\"https:\/\/canaguaro.cinefagos.net\/n04\/#\/schema\/person\/e08bd89ff0fc2cab36e00254c8fe7c30\",\"name\":\"admin\",\"image\":{\"@type\":\"ImageObject\",\"inLanguage\":\"es-ES\",\"@id\":\"https:\/\/canaguaro.cinefagos.net\/n04\/#\/schema\/person\/image\/\",\"url\":\"https:\/\/secure.gravatar.com\/avatar\/6bfb5e7ea347ed86f579ece251577a81a1cffe3c7c84a4cbc01e5de982797880?s=96&d=mm&r=g\",\"contentUrl\":\"https:\/\/secure.gravatar.com\/avatar\/6bfb5e7ea347ed86f579ece251577a81a1cffe3c7c84a4cbc01e5de982797880?s=96&d=mm&r=g\",\"caption\":\"admin\"},\"sameAs\":[\"http:\/\/canaguaro.cinefagos.net\"],\"url\":\"https:\/\/canaguaro.cinefagos.net\/n04\/author\/admin\/\"}]}<\/script>\n<!-- \/ Yoast SEO plugin. -->","yoast_head_json":{"title":"Entrevista a Henry Rinc\u00f3n - CANAGUARO - Revista de cine colombiano - Cuarta edici\u00f3n","description":"Revista de Cine Colombiano - Edici\u00f3n N\u00b04 - Diciembre de 2021","robots":{"index":"index","follow":"follow","max-snippet":"max-snippet:-1","max-image-preview":"max-image-preview:large","max-video-preview":"max-video-preview:-1"},"canonical":"https:\/\/canaguaro.cinefagos.net\/n04\/entrevista-a-henry-rincon\/","og_locale":"es_ES","og_type":"article","og_title":"Entrevista a Henry Rinc\u00f3n - CANAGUARO - Revista de cine colombiano - Cuarta edici\u00f3n","og_description":"Revista de Cine Colombiano - Edici\u00f3n N\u00b04 - Diciembre de 2021","og_url":"https:\/\/canaguaro.cinefagos.net\/n04\/entrevista-a-henry-rincon\/","og_site_name":"CANAGUARO - Revista de cine colombiano - Cuarta edici\u00f3n","article_publisher":"https:\/\/www.facebook.com\/cinefagos.net","article_published_time":"2021-12-06T16:30:22+00:00","article_modified_time":"2021-12-13T14:24:12+00:00","og_image":[{"width":1280,"height":720,"url":"https:\/\/canaguaro.cinefagos.net\/n04\/wp-content\/uploads\/sites\/6\/2021\/12\/Henry-Rincon_web2.jpg","type":"image\/jpeg"}],"author":"admin","twitter_card":"summary_large_image","twitter_creator":"@cinefagosnet","twitter_site":"@cinefagosnet","twitter_misc":{"Written by":"admin","Est. reading time":"9 minutes"},"schema":{"@context":"https:\/\/schema.org","@graph":[{"@type":"WebPage","@id":"https:\/\/canaguaro.cinefagos.net\/n04\/entrevista-a-henry-rincon\/","url":"https:\/\/canaguaro.cinefagos.net\/n04\/entrevista-a-henry-rincon\/","name":"Entrevista a Henry Rinc\u00f3n - CANAGUARO - Revista de cine colombiano - Cuarta edici\u00f3n","isPartOf":{"@id":"https:\/\/canaguaro.cinefagos.net\/n04\/#website"},"primaryImageOfPage":{"@id":"https:\/\/canaguaro.cinefagos.net\/n04\/entrevista-a-henry-rincon\/#primaryimage"},"image":{"@id":"https:\/\/canaguaro.cinefagos.net\/n04\/entrevista-a-henry-rincon\/#primaryimage"},"thumbnailUrl":"https:\/\/canaguaro.cinefagos.net\/n04\/wp-content\/uploads\/sites\/6\/2021\/12\/Henry-Rincon_web2.jpg","datePublished":"2021-12-06T16:30:22+00:00","dateModified":"2021-12-13T14:24:12+00:00","author":{"@id":"https:\/\/canaguaro.cinefagos.net\/n04\/#\/schema\/person\/e08bd89ff0fc2cab36e00254c8fe7c30"},"description":"Revista de Cine Colombiano - Edici\u00f3n N\u00b04 - Diciembre de 2021","breadcrumb":{"@id":"https:\/\/canaguaro.cinefagos.net\/n04\/entrevista-a-henry-rincon\/#breadcrumb"},"inLanguage":"es-ES","potentialAction":[{"@type":"ReadAction","target":["https:\/\/canaguaro.cinefagos.net\/n04\/entrevista-a-henry-rincon\/"]}]},{"@type":"ImageObject","inLanguage":"es-ES","@id":"https:\/\/canaguaro.cinefagos.net\/n04\/entrevista-a-henry-rincon\/#primaryimage","url":"https:\/\/canaguaro.cinefagos.net\/n04\/wp-content\/uploads\/sites\/6\/2021\/12\/Henry-Rincon_web2.jpg","contentUrl":"https:\/\/canaguaro.cinefagos.net\/n04\/wp-content\/uploads\/sites\/6\/2021\/12\/Henry-Rincon_web2.jpg","width":1280,"height":720},{"@type":"BreadcrumbList","@id":"https:\/\/canaguaro.cinefagos.net\/n04\/entrevista-a-henry-rincon\/#breadcrumb","itemListElement":[{"@type":"ListItem","position":1,"name":"Portada","item":"https:\/\/canaguaro.cinefagos.net\/n04\/"},{"@type":"ListItem","position":2,"name":"Entrevista a Henry Rinc\u00f3n"}]},{"@type":"WebSite","@id":"https:\/\/canaguaro.cinefagos.net\/n04\/#website","url":"https:\/\/canaguaro.cinefagos.net\/n04\/","name":"CANAGUARO - Revista de cine colombiano - Cuarta edici\u00f3n","description":"Revista de cine colombiano","potentialAction":[{"@type":"SearchAction","target":{"@type":"EntryPoint","urlTemplate":"https:\/\/canaguaro.cinefagos.net\/n04\/?s={search_term_string}"},"query-input":{"@type":"PropertyValueSpecification","valueRequired":true,"valueName":"search_term_string"}}],"inLanguage":"es-ES"},{"@type":"Person","@id":"https:\/\/canaguaro.cinefagos.net\/n04\/#\/schema\/person\/e08bd89ff0fc2cab36e00254c8fe7c30","name":"admin","image":{"@type":"ImageObject","inLanguage":"es-ES","@id":"https:\/\/canaguaro.cinefagos.net\/n04\/#\/schema\/person\/image\/","url":"https:\/\/secure.gravatar.com\/avatar\/6bfb5e7ea347ed86f579ece251577a81a1cffe3c7c84a4cbc01e5de982797880?s=96&d=mm&r=g","contentUrl":"https:\/\/secure.gravatar.com\/avatar\/6bfb5e7ea347ed86f579ece251577a81a1cffe3c7c84a4cbc01e5de982797880?s=96&d=mm&r=g","caption":"admin"},"sameAs":["http:\/\/canaguaro.cinefagos.net"],"url":"https:\/\/canaguaro.cinefagos.net\/n04\/author\/admin\/"}]}},"_links":{"self":[{"href":"https:\/\/canaguaro.cinefagos.net\/n04\/wp-json\/wp\/v2\/posts\/444","targetHints":{"allow":["GET"]}}],"collection":[{"href":"https:\/\/canaguaro.cinefagos.net\/n04\/wp-json\/wp\/v2\/posts"}],"about":[{"href":"https:\/\/canaguaro.cinefagos.net\/n04\/wp-json\/wp\/v2\/types\/post"}],"author":[{"embeddable":true,"href":"https:\/\/canaguaro.cinefagos.net\/n04\/wp-json\/wp\/v2\/users\/1"}],"replies":[{"embeddable":true,"href":"https:\/\/canaguaro.cinefagos.net\/n04\/wp-json\/wp\/v2\/comments?post=444"}],"version-history":[{"count":4,"href":"https:\/\/canaguaro.cinefagos.net\/n04\/wp-json\/wp\/v2\/posts\/444\/revisions"}],"predecessor-version":[{"id":638,"href":"https:\/\/canaguaro.cinefagos.net\/n04\/wp-json\/wp\/v2\/posts\/444\/revisions\/638"}],"wp:featuredmedia":[{"embeddable":true,"href":"https:\/\/canaguaro.cinefagos.net\/n04\/wp-json\/wp\/v2\/media\/662"}],"wp:attachment":[{"href":"https:\/\/canaguaro.cinefagos.net\/n04\/wp-json\/wp\/v2\/media?parent=444"}],"wp:term":[{"taxonomy":"category","embeddable":true,"href":"https:\/\/canaguaro.cinefagos.net\/n04\/wp-json\/wp\/v2\/categories?post=444"},{"taxonomy":"post_tag","embeddable":true,"href":"https:\/\/canaguaro.cinefagos.net\/n04\/wp-json\/wp\/v2\/tags?post=444"}],"curies":[{"name":"wp","href":"https:\/\/api.w.org\/{rel}","templated":true}]}}