{"id":2052,"date":"2022-12-17T04:41:10","date_gmt":"2022-12-17T04:41:10","guid":{"rendered":"https:\/\/canaguaro.cinefagos.net\/n07\/?p=2052"},"modified":"2022-12-17T04:41:10","modified_gmt":"2022-12-17T04:41:10","slug":"la-ciudad-de-las-fieras-de-henry-rincon","status":"publish","type":"post","link":"https:\/\/canaguaro.cinefagos.net\/n07\/la-ciudad-de-las-fieras-de-henry-rincon\/","title":{"rendered":"La Ciudad de las Fieras, de Henry Rinc\u00f3n"},"content":{"rendered":"<p class=\"autor\">Andr\u00e9s M. Murillo R.<\/p>\n<p><img loading=\"lazy\" decoding=\"async\" class=\"size-full wp-image-42 aligncenter\" src=\"https:\/\/canaguaro.cinefagos.net\/n05\/wp-content\/uploads\/sites\/7\/2021\/08\/sep.png\" alt=\"\" width=\"22\" height=\"8\" \/><\/p>\n<p class=\"entradilla\">Sue\u00f1os y contrastes. Deseos de un mundo diferente en opuestos con la realidad. Un vibrar y un <em>beat<\/em> urbano confrontado con la calma y silencio rural. Una pel\u00edcula que navega entre las propuestas de un mundo juvenil que se reencuentra en el arraigo de lo tradicional. <em>La Ciudad de las Fieras<\/em> se estren\u00f3 en cartelera como una de las propuestas de Medell\u00edn, haciendo una lectura m\u00e1s atemporal sobre conflictos de barrio, j\u00f3venes con b\u00fasquedas y ese choque de realidad violenta que rodea la ciudad.<\/p>\n<p>&nbsp;<\/p>\n<p>Henry Rinc\u00f3n se lanza con su segundo filme, despu\u00e9s de ocho a\u00f1os de su \u00f3pera prima <em>Pasos de H\u00e9roe<\/em> (2016), distanci\u00e1ndose del tono familiar emp\u00e1tico y acerc\u00e1ndose a algo m\u00e1s rudo, toques autobiogr\u00e1ficos y una mirada sobre la reconciliaci\u00f3n generacional. Parte del riesgo que asume el director en su pel\u00edcula es poner su vivencia personal: el arraigo por el terru\u00f1o y la importancia de los lazos familiares; intentando equilibrar con lo \u00e1spero de los callejones, los problemas de bandas y un actuar inofensivo de los protagonistas. Un reto que sale adelante cuando viajamos entre las batallas de improvisaci\u00f3n en esquinas y los silencios de los parajes rurales; entre di\u00e1logos alebrestados con silencios contemplativos; entre la impertinencia juvenil y las miradas c\u00f3mplices cargadas de arrugas.<\/p>\n<p>&nbsp;<\/p>\n<p>Una pel\u00edcula que llega en el marco de una seguidilla de estrenos nacionales retrasados por la pandemia y algunas ganadoras en cert\u00e1menes internacionales. Una competencia en salas interesante y cruel, de cara a un p\u00fablico que sigue distante del cine colombiano y que a la ligera etiqueta los t\u00edtulos como \u201cotra de\u2026\u201d, sin dar mayor oportunidad de generar la conversaci\u00f3n obra-espectador. Un momento oportuno para consolidar las propuestas que surgen desde Medell\u00edn y el enfoque de los j\u00f3venes como exploradores de las din\u00e1micas excluyentes, violentas y asfixiantes de la ciudad.<\/p>\n<p>&nbsp;<\/p>\n<p><em>La Ciudad de las Fieras<\/em> es la historia de Tato, que cuando el barrio lo acorrala, encuentra su escape en el campo, en el abuelo desconocido, en los cultivos y el trabajo con las manos. En su reconciliaci\u00f3n con lo ancestral, el af\u00e1n de la ciudad lo vuelve a llamar, tentar las balas de la muerte representadas fuera del plano, en el gorgoteo de un exhosto de una motocicleta que se acerca. Estructura de sonido cuidada, dise\u00f1ada a la medida, en exploraci\u00f3n de cada momento y cada sentimiento. Una fotograf\u00eda que transita entre los neones y los naturales atardeceres, que destaca rostros de angustia y calma los \u00e1nimos. Un montaje narrativo que permite transitar las emociones del personaje y descubrir con sutileza que Tato es un chico m\u00e1s, un representante de tantos silencios ahogados en calles de la ciudad.<\/p>\n<p>&nbsp;<\/p>\n<p>Un filme que logra encajar en el coraz\u00f3n del espectador ese sentimiento de lo necesario, del respeto por la tradici\u00f3n y la b\u00fasqueda de nuevos referentes en el presente. Siempre se desea mayor contundencia narrativa, pero son pasos de un director en la b\u00fasqueda de un lenguaje propio. Procesos que, dentro de nuestra filmograf\u00eda, tienen periodos de tiempos muy amplios y demandan demasiada perfecci\u00f3n para cada obra. Ac\u00e1 hay una lectura de ciudad, una lectura de fieras al acecho, del encuentro generacional record\u00e1ndonos la importancia de lo que somos y para entender lo que seremos.<\/p>\n","protected":false},"excerpt":{"rendered":"<p>Andr\u00e9s M. Murillo R.<\/p>\n","protected":false},"author":1,"featured_media":2053,"comment_status":"open","ping_status":"open","sticky":false,"template":"","format":"standard","meta":{"footnotes":""},"categories":[4],"tags":[],"class_list":["post-2052","post","type-post","status-publish","format-standard","has-post-thumbnail","hentry","category-criticas"],"yoast_head":"<!-- This site is optimized with the Yoast SEO plugin v26.5 - https:\/\/yoast.com\/wordpress\/plugins\/seo\/ -->\n<title>La Ciudad de las Fieras, de Henry Rinc\u00f3n - CANAGUARO - Revista de cine colombiano - S\u00e9ptima edici\u00f3n<\/title>\n<meta name=\"robots\" content=\"index, follow, max-snippet:-1, max-image-preview:large, max-video-preview:-1\" \/>\n<link rel=\"canonical\" href=\"https:\/\/canaguaro.cinefagos.net\/n07\/la-ciudad-de-las-fieras-de-henry-rincon\/\" \/>\n<meta property=\"og:locale\" content=\"es_ES\" \/>\n<meta property=\"og:type\" content=\"article\" \/>\n<meta property=\"og:title\" content=\"La Ciudad de las Fieras, de Henry Rinc\u00f3n - CANAGUARO - Revista de cine colombiano - S\u00e9ptima edici\u00f3n\" \/>\n<meta property=\"og:description\" content=\"Andr\u00e9s M. Murillo R.\" \/>\n<meta property=\"og:url\" content=\"https:\/\/canaguaro.cinefagos.net\/n07\/la-ciudad-de-las-fieras-de-henry-rincon\/\" \/>\n<meta property=\"og:site_name\" content=\"CANAGUARO - Revista de cine colombiano - S\u00e9ptima edici\u00f3n\" \/>\n<meta property=\"article:published_time\" content=\"2022-12-17T04:41:10+00:00\" \/>\n<meta property=\"og:image\" content=\"https:\/\/canaguaro.cinefagos.net\/n07\/wp-content\/uploads\/sites\/9\/2022\/12\/CRITICAS_-_La_Ciudad_de_las_Fieras_1_.jpg\" \/>\n\t<meta property=\"og:image:width\" content=\"1200\" \/>\n\t<meta property=\"og:image:height\" content=\"900\" \/>\n\t<meta property=\"og:image:type\" content=\"image\/jpeg\" \/>\n<meta name=\"author\" content=\"admin\" \/>\n<meta name=\"twitter:card\" content=\"summary_large_image\" \/>\n<meta name=\"twitter:label1\" content=\"Written by\" \/>\n\t<meta name=\"twitter:data1\" content=\"admin\" \/>\n\t<meta name=\"twitter:label2\" content=\"Est. reading time\" \/>\n\t<meta name=\"twitter:data2\" content=\"3 minutes\" \/>\n<script type=\"application\/ld+json\" class=\"yoast-schema-graph\">{\"@context\":\"https:\/\/schema.org\",\"@graph\":[{\"@type\":\"WebPage\",\"@id\":\"https:\/\/canaguaro.cinefagos.net\/n07\/la-ciudad-de-las-fieras-de-henry-rincon\/\",\"url\":\"https:\/\/canaguaro.cinefagos.net\/n07\/la-ciudad-de-las-fieras-de-henry-rincon\/\",\"name\":\"La Ciudad de las Fieras, de Henry Rinc\u00f3n - CANAGUARO - Revista de cine colombiano - S\u00e9ptima edici\u00f3n\",\"isPartOf\":{\"@id\":\"https:\/\/canaguaro.cinefagos.net\/n07\/#website\"},\"primaryImageOfPage\":{\"@id\":\"https:\/\/canaguaro.cinefagos.net\/n07\/la-ciudad-de-las-fieras-de-henry-rincon\/#primaryimage\"},\"image\":{\"@id\":\"https:\/\/canaguaro.cinefagos.net\/n07\/la-ciudad-de-las-fieras-de-henry-rincon\/#primaryimage\"},\"thumbnailUrl\":\"https:\/\/canaguaro.cinefagos.net\/n07\/wp-content\/uploads\/sites\/9\/2022\/12\/CRITICAS_-_La_Ciudad_de_las_Fieras_1_.jpg\",\"datePublished\":\"2022-12-17T04:41:10+00:00\",\"author\":{\"@id\":\"https:\/\/canaguaro.cinefagos.net\/n07\/#\/schema\/person\/e08bd89ff0fc2cab36e00254c8fe7c30\"},\"breadcrumb\":{\"@id\":\"https:\/\/canaguaro.cinefagos.net\/n07\/la-ciudad-de-las-fieras-de-henry-rincon\/#breadcrumb\"},\"inLanguage\":\"es-ES\",\"potentialAction\":[{\"@type\":\"ReadAction\",\"target\":[\"https:\/\/canaguaro.cinefagos.net\/n07\/la-ciudad-de-las-fieras-de-henry-rincon\/\"]}]},{\"@type\":\"ImageObject\",\"inLanguage\":\"es-ES\",\"@id\":\"https:\/\/canaguaro.cinefagos.net\/n07\/la-ciudad-de-las-fieras-de-henry-rincon\/#primaryimage\",\"url\":\"https:\/\/canaguaro.cinefagos.net\/n07\/wp-content\/uploads\/sites\/9\/2022\/12\/CRITICAS_-_La_Ciudad_de_las_Fieras_1_.jpg\",\"contentUrl\":\"https:\/\/canaguaro.cinefagos.net\/n07\/wp-content\/uploads\/sites\/9\/2022\/12\/CRITICAS_-_La_Ciudad_de_las_Fieras_1_.jpg\",\"width\":1200,\"height\":900},{\"@type\":\"BreadcrumbList\",\"@id\":\"https:\/\/canaguaro.cinefagos.net\/n07\/la-ciudad-de-las-fieras-de-henry-rincon\/#breadcrumb\",\"itemListElement\":[{\"@type\":\"ListItem\",\"position\":1,\"name\":\"Home\",\"item\":\"https:\/\/canaguaro.cinefagos.net\/n07\/\"},{\"@type\":\"ListItem\",\"position\":2,\"name\":\"La Ciudad de las Fieras, de Henry Rinc\u00f3n\"}]},{\"@type\":\"WebSite\",\"@id\":\"https:\/\/canaguaro.cinefagos.net\/n07\/#website\",\"url\":\"https:\/\/canaguaro.cinefagos.net\/n07\/\",\"name\":\"CANAGUARO - Revista de cine colombiano - S\u00e9ptima edici\u00f3n\",\"description\":\"Revista de Cine Colombiano\",\"potentialAction\":[{\"@type\":\"SearchAction\",\"target\":{\"@type\":\"EntryPoint\",\"urlTemplate\":\"https:\/\/canaguaro.cinefagos.net\/n07\/?s={search_term_string}\"},\"query-input\":{\"@type\":\"PropertyValueSpecification\",\"valueRequired\":true,\"valueName\":\"search_term_string\"}}],\"inLanguage\":\"es-ES\"},{\"@type\":\"Person\",\"@id\":\"https:\/\/canaguaro.cinefagos.net\/n07\/#\/schema\/person\/e08bd89ff0fc2cab36e00254c8fe7c30\",\"name\":\"admin\",\"image\":{\"@type\":\"ImageObject\",\"inLanguage\":\"es-ES\",\"@id\":\"https:\/\/canaguaro.cinefagos.net\/n07\/#\/schema\/person\/image\/\",\"url\":\"https:\/\/secure.gravatar.com\/avatar\/6bfb5e7ea347ed86f579ece251577a81a1cffe3c7c84a4cbc01e5de982797880?s=96&d=mm&r=g\",\"contentUrl\":\"https:\/\/secure.gravatar.com\/avatar\/6bfb5e7ea347ed86f579ece251577a81a1cffe3c7c84a4cbc01e5de982797880?s=96&d=mm&r=g\",\"caption\":\"admin\"},\"sameAs\":[\"http:\/\/canaguaro.cinefagos.net\"],\"url\":\"https:\/\/canaguaro.cinefagos.net\/n07\/author\/admin\/\"}]}<\/script>\n<!-- \/ Yoast SEO plugin. -->","yoast_head_json":{"title":"La Ciudad de las Fieras, de Henry Rinc\u00f3n - CANAGUARO - Revista de cine colombiano - S\u00e9ptima edici\u00f3n","robots":{"index":"index","follow":"follow","max-snippet":"max-snippet:-1","max-image-preview":"max-image-preview:large","max-video-preview":"max-video-preview:-1"},"canonical":"https:\/\/canaguaro.cinefagos.net\/n07\/la-ciudad-de-las-fieras-de-henry-rincon\/","og_locale":"es_ES","og_type":"article","og_title":"La Ciudad de las Fieras, de Henry Rinc\u00f3n - CANAGUARO - Revista de cine colombiano - S\u00e9ptima edici\u00f3n","og_description":"Andr\u00e9s M. Murillo R.","og_url":"https:\/\/canaguaro.cinefagos.net\/n07\/la-ciudad-de-las-fieras-de-henry-rincon\/","og_site_name":"CANAGUARO - Revista de cine colombiano - S\u00e9ptima edici\u00f3n","article_published_time":"2022-12-17T04:41:10+00:00","og_image":[{"width":1200,"height":900,"url":"https:\/\/canaguaro.cinefagos.net\/n07\/wp-content\/uploads\/sites\/9\/2022\/12\/CRITICAS_-_La_Ciudad_de_las_Fieras_1_.jpg","type":"image\/jpeg"}],"author":"admin","twitter_card":"summary_large_image","twitter_misc":{"Written by":"admin","Est. reading time":"3 minutes"},"schema":{"@context":"https:\/\/schema.org","@graph":[{"@type":"WebPage","@id":"https:\/\/canaguaro.cinefagos.net\/n07\/la-ciudad-de-las-fieras-de-henry-rincon\/","url":"https:\/\/canaguaro.cinefagos.net\/n07\/la-ciudad-de-las-fieras-de-henry-rincon\/","name":"La Ciudad de las Fieras, de Henry Rinc\u00f3n - CANAGUARO - Revista de cine colombiano - S\u00e9ptima edici\u00f3n","isPartOf":{"@id":"https:\/\/canaguaro.cinefagos.net\/n07\/#website"},"primaryImageOfPage":{"@id":"https:\/\/canaguaro.cinefagos.net\/n07\/la-ciudad-de-las-fieras-de-henry-rincon\/#primaryimage"},"image":{"@id":"https:\/\/canaguaro.cinefagos.net\/n07\/la-ciudad-de-las-fieras-de-henry-rincon\/#primaryimage"},"thumbnailUrl":"https:\/\/canaguaro.cinefagos.net\/n07\/wp-content\/uploads\/sites\/9\/2022\/12\/CRITICAS_-_La_Ciudad_de_las_Fieras_1_.jpg","datePublished":"2022-12-17T04:41:10+00:00","author":{"@id":"https:\/\/canaguaro.cinefagos.net\/n07\/#\/schema\/person\/e08bd89ff0fc2cab36e00254c8fe7c30"},"breadcrumb":{"@id":"https:\/\/canaguaro.cinefagos.net\/n07\/la-ciudad-de-las-fieras-de-henry-rincon\/#breadcrumb"},"inLanguage":"es-ES","potentialAction":[{"@type":"ReadAction","target":["https:\/\/canaguaro.cinefagos.net\/n07\/la-ciudad-de-las-fieras-de-henry-rincon\/"]}]},{"@type":"ImageObject","inLanguage":"es-ES","@id":"https:\/\/canaguaro.cinefagos.net\/n07\/la-ciudad-de-las-fieras-de-henry-rincon\/#primaryimage","url":"https:\/\/canaguaro.cinefagos.net\/n07\/wp-content\/uploads\/sites\/9\/2022\/12\/CRITICAS_-_La_Ciudad_de_las_Fieras_1_.jpg","contentUrl":"https:\/\/canaguaro.cinefagos.net\/n07\/wp-content\/uploads\/sites\/9\/2022\/12\/CRITICAS_-_La_Ciudad_de_las_Fieras_1_.jpg","width":1200,"height":900},{"@type":"BreadcrumbList","@id":"https:\/\/canaguaro.cinefagos.net\/n07\/la-ciudad-de-las-fieras-de-henry-rincon\/#breadcrumb","itemListElement":[{"@type":"ListItem","position":1,"name":"Home","item":"https:\/\/canaguaro.cinefagos.net\/n07\/"},{"@type":"ListItem","position":2,"name":"La Ciudad de las Fieras, de Henry Rinc\u00f3n"}]},{"@type":"WebSite","@id":"https:\/\/canaguaro.cinefagos.net\/n07\/#website","url":"https:\/\/canaguaro.cinefagos.net\/n07\/","name":"CANAGUARO - Revista de cine colombiano - S\u00e9ptima edici\u00f3n","description":"Revista de Cine Colombiano","potentialAction":[{"@type":"SearchAction","target":{"@type":"EntryPoint","urlTemplate":"https:\/\/canaguaro.cinefagos.net\/n07\/?s={search_term_string}"},"query-input":{"@type":"PropertyValueSpecification","valueRequired":true,"valueName":"search_term_string"}}],"inLanguage":"es-ES"},{"@type":"Person","@id":"https:\/\/canaguaro.cinefagos.net\/n07\/#\/schema\/person\/e08bd89ff0fc2cab36e00254c8fe7c30","name":"admin","image":{"@type":"ImageObject","inLanguage":"es-ES","@id":"https:\/\/canaguaro.cinefagos.net\/n07\/#\/schema\/person\/image\/","url":"https:\/\/secure.gravatar.com\/avatar\/6bfb5e7ea347ed86f579ece251577a81a1cffe3c7c84a4cbc01e5de982797880?s=96&d=mm&r=g","contentUrl":"https:\/\/secure.gravatar.com\/avatar\/6bfb5e7ea347ed86f579ece251577a81a1cffe3c7c84a4cbc01e5de982797880?s=96&d=mm&r=g","caption":"admin"},"sameAs":["http:\/\/canaguaro.cinefagos.net"],"url":"https:\/\/canaguaro.cinefagos.net\/n07\/author\/admin\/"}]}},"_links":{"self":[{"href":"https:\/\/canaguaro.cinefagos.net\/n07\/wp-json\/wp\/v2\/posts\/2052","targetHints":{"allow":["GET"]}}],"collection":[{"href":"https:\/\/canaguaro.cinefagos.net\/n07\/wp-json\/wp\/v2\/posts"}],"about":[{"href":"https:\/\/canaguaro.cinefagos.net\/n07\/wp-json\/wp\/v2\/types\/post"}],"author":[{"embeddable":true,"href":"https:\/\/canaguaro.cinefagos.net\/n07\/wp-json\/wp\/v2\/users\/1"}],"replies":[{"embeddable":true,"href":"https:\/\/canaguaro.cinefagos.net\/n07\/wp-json\/wp\/v2\/comments?post=2052"}],"version-history":[{"count":1,"href":"https:\/\/canaguaro.cinefagos.net\/n07\/wp-json\/wp\/v2\/posts\/2052\/revisions"}],"predecessor-version":[{"id":2054,"href":"https:\/\/canaguaro.cinefagos.net\/n07\/wp-json\/wp\/v2\/posts\/2052\/revisions\/2054"}],"wp:featuredmedia":[{"embeddable":true,"href":"https:\/\/canaguaro.cinefagos.net\/n07\/wp-json\/wp\/v2\/media\/2053"}],"wp:attachment":[{"href":"https:\/\/canaguaro.cinefagos.net\/n07\/wp-json\/wp\/v2\/media?parent=2052"}],"wp:term":[{"taxonomy":"category","embeddable":true,"href":"https:\/\/canaguaro.cinefagos.net\/n07\/wp-json\/wp\/v2\/categories?post=2052"},{"taxonomy":"post_tag","embeddable":true,"href":"https:\/\/canaguaro.cinefagos.net\/n07\/wp-json\/wp\/v2\/tags?post=2052"}],"curies":[{"name":"wp","href":"https:\/\/api.w.org\/{rel}","templated":true}]}}