{"id":585,"date":"2024-05-05T02:36:05","date_gmt":"2024-05-05T02:36:05","guid":{"rendered":"https:\/\/canaguaro.cinefagos.net\/n11\/?p=585"},"modified":"2024-07-12T00:55:29","modified_gmt":"2024-07-12T00:55:29","slug":"la-perra-de-carla-melo","status":"publish","type":"post","link":"https:\/\/canaguaro.cinefagos.net\/n11\/la-perra-de-carla-melo\/","title":{"rendered":"La perra, de Carla Melo"},"content":{"rendered":"<p class=\"autor\">Lina Mar\u00eda Rivera<\/p>\n<p><img loading=\"lazy\" decoding=\"async\" class=\"size-full wp-image-42 aligncenter\" src=\"https:\/\/canaguaro.cinefagos.net\/n05\/wp-content\/uploads\/sites\/7\/2021\/08\/sep.png\" alt=\"\" width=\"22\" height=\"8\" \/><\/p>\n<p class=\"entradilla\">\u00bfA qu\u00e9 mujer nunca le han dicho \u201cperra\u201d? \u00bfQui\u00e9n no ha fantaseado con serlo y a cu\u00e1l no la ha atormentado la culpa cuando lo ha conseguido? Podr\u00eda decirse que, a casi todas, incluso a las m\u00e1s recatadas o virginales. Aquella palabra ronda nuestra vida desde la juventud hasta la vejez, transformando su significado e impacto en nuestra identidad y forma de habitar el cuerpo. Altern\u00e1ndose entre una fuente de poder y humillaci\u00f3n. Por ello, el cortometraje animado de coproducci\u00f3n colombo-francesa <em>La perra<\/em>, de Carla Melo (2023), m\u00e1s all\u00e1 de ser un hito en festivales y reconocimientos internacionales, es un testimonio conmovedor sobre las vulnerabilidades, conflictos y fortalezas de la feminidad a lo largo de la vida, en un mundo que a menudo nos reduce a estereotipos y expectativas restrictivas.<\/p>\n<p>&nbsp;<\/p>\n<p>Este relato \u00edntimo, que surge desde la propia experiencia de la directora. Cuando en su vida confluye la llegada de su perra, Conga, a los once a\u00f1os, la separaci\u00f3n de sus padres y el inicio del descubrimiento de su sexualidad y sensualidad. Se transforma trece a\u00f1os despu\u00e9s, en la semilla de una obra contundente que, a trav\u00e9s de una narrativa audaz y provocadora, nos interpela con un viaje emocional donde el vocablo &#8220;perra&#8221; se convierte en un s\u00edmbolo cargado de significado contradictorio. En un formato experimental y artesanal, como lo es la animaci\u00f3n cuadro a cuadro, realizada en tintas durante un proceso total de dos a\u00f1os y ocho meses.<\/p>\n<p>&nbsp;<\/p>\n<p>La elecci\u00f3n de Carla de personificar a las protagonistas de <em>La perra<\/em> como figuras animales y casi gen\u00e9ricas es un elemento clave que contribuye a la universalidad y accesibilidad de la historia. Al representar a los personajes de esta manera, la directora permite que cada espectador proyecte su propia imaginaci\u00f3n y experiencia en la pantalla, incentivando el recuerdo y la introspecci\u00f3n.<\/p>\n<p>&nbsp;<\/p>\n<p>Este enfoque no solo fomenta la empat\u00eda y conexi\u00f3n emocional con el cortometraje desde la subjetividad y la memoria, sino que tambi\u00e9n trasciende las barreras culturales y ling\u00fc\u00edsticas, llegando a un p\u00fablico diverso en todo el mundo.\u00a0 Las formas animales, desprovistas de rasgos espec\u00edficos que se esparcen como bocetos, act\u00faan como lienzos en blanco sobre los cuales cada individuo puede proyectar su propia identidad y experiencia. Dejando espacio para la interpretaci\u00f3n individual, la pel\u00edcula se convierte en una experiencia profundamente personal, permitiendo que para cada espectador <em>La perra<\/em> sea de alg\u00fan modo diferente y \u00fanica.<\/p>\n<p>&nbsp;<\/p>\n<p>En aquella relaci\u00f3n dual entre el deseo y la mirada, nos transportamos a una casa en la que habita una ni\u00f1a, una madre y una perra. Fluctuando entre la culpa, el juicio y el amor, as\u00ed como la misma t\u00e9cnica, tr\u00e9mula e inquieta. Sin embargo, en lugar de adoptar un punto de vista masculino para emitir el juicio de &#8220;perra&#8221; sobre los personajes, y a pesar de que Carla no intenta esconder ni romantizar el sexo y las relaciones con los hombres, elige narrar la historia \u00fanicamente desde la perspectiva femenina. Explorando la complejidad de su experiencia desde diferentes \u00e1ngulos, mientras enfatiza c\u00f3mo la comunidad de mujeres ejerce control sobre otras mujeres, estableciendo normas y expectativas limitantes sobre lo que significa ser mujer. Al mismo tiempo, explora c\u00f3mo la b\u00fasqueda por la aprobaci\u00f3n y atenci\u00f3n masculina nos convierte en las carceleras de nuestras propias expectativas y estereotipos.<\/p>\n<p>&nbsp;<\/p>\n<p>Es as\u00ed como la casa trasciende su significado para representar po\u00e9ticamente una c\u00e1rcel para el cuerpo e identidad femenina.\u00a0 Al mismo tiempo que se entrelaza con la emblem\u00e1tica frase de Myriam Reyes en su poema <em>No soy due\u00f1a de nada<\/em>, que expresa: \u201cMi casa es este cuerpo que parece una mujer, no necesito m\u00e1s paredes\u2026\u201d. Para transformar la casa en una met\u00e1fora del cuerpo femenino, siendo un espacio \u00edntimo donde se refugian las contradicciones, el dolor y el \u00e9xtasis de ser mujer. Encerrando una paradoja intrigante: a veces, las paredes que nos aprisionan no son f\u00edsicas, sino que residen en nuestra propia mirada y perspectiva hacia nuestro cuerpo, nuestra libertad y nuestra experiencia personal. Siendo este microcosmos, el espacio en el que se resalta la declaraci\u00f3n feminista sobre c\u00f3mo \u201clo personal es pol\u00edtico\u201d.<\/p>\n<blockquote class=\"destacado\"><p>Al mismo tiempo, explora c\u00f3mo la b\u00fasqueda por la aprobaci\u00f3n y atenci\u00f3n masculina nos convierte en las carceleras de nuestras propias expectativas y estereotipos.<\/p><\/blockquote>\n<p>La relaci\u00f3n entre la madre y la hija, mediada por la presencia de la perra, adquiere un sentido figurado profundo que se refleja en el parecido f\u00edsico entre la madre y la hija, que es casi id\u00e9ntico. Promoviendo la reinterpretaci\u00f3n de aquellos personajes como dos versiones de la misma mujer, cada una luchando por prevalecer sobre la otra. La idea de una mujer dividida en dos aspectos de s\u00ed misma, cada uno con sus propios deseos, miedos y conflictos internos, en un contexto de lucha interna y dualidad, es especialmente reveladora en la escena del espejo. Madre e hija, una frente a la otra, enfrent\u00e1ndose f\u00edsica y violentamente entre s\u00ed para deshacer y modificar la imagen opuesta. Sin embargo, esta lucha resulta en vano y, por el contrario, solo permite reafirmar la transgresi\u00f3n y dolor interior que surge de la lucha contra nuestra identidad compleja y a veces contradictoria.<\/p>\n<p>&nbsp;<\/p>\n<p>Es precisamente en ese deseo de reconciliarse con una misma que <em>La perra<\/em> plantea preguntas provocadoras sobre la sexualidad, el poder y la identidad femenina, ofreciendo una reflexi\u00f3n profunda sobre el papel del g\u00e9nero en la sociedad y en la familia, haciendo \u00e9nfasis en la forma en que las mujeres navegan por las complejidades de su propia existencia. Con una suerte po\u00e9tica, esta reconciliaci\u00f3n consigo misma se une a la muerte de la perra, que ya no seguir\u00e1 mediando esa relaci\u00f3n, sino que se queda dentro de aquella mujer dual que poco a poco ir\u00e1 unificando su identidad al abandonar aquella mirada pueril sobre lo que significa \u201cser hija, ser madre, ser perra. Volverse mujer\u201d.<\/p>\n","protected":false},"excerpt":{"rendered":"<p>Lina Mar\u00eda Rivera<\/p>\n","protected":false},"author":1,"featured_media":647,"comment_status":"open","ping_status":"open","sticky":false,"template":"","format":"standard","meta":{"footnotes":""},"categories":[8],"tags":[],"class_list":["post-585","post","type-post","status-publish","format-standard","has-post-thumbnail","hentry","category-sala-cortos"],"yoast_head":"<!-- This site is optimized with the Yoast SEO plugin v26.5 - https:\/\/yoast.com\/wordpress\/plugins\/seo\/ -->\n<title>La perra, de Carla Melo - CANAGUARO - Revista de cine colombiano - Edici\u00f3n 11<\/title>\n<meta name=\"robots\" content=\"index, follow, max-snippet:-1, max-image-preview:large, max-video-preview:-1\" \/>\n<link rel=\"canonical\" href=\"https:\/\/canaguaro.cinefagos.net\/n11\/la-perra-de-carla-melo\/\" \/>\n<meta property=\"og:locale\" content=\"en_US\" \/>\n<meta property=\"og:type\" content=\"article\" \/>\n<meta property=\"og:title\" content=\"La perra, de Carla Melo - CANAGUARO - Revista de cine colombiano - Edici\u00f3n 11\" \/>\n<meta property=\"og:description\" content=\"Lina Mar\u00eda Rivera\" \/>\n<meta property=\"og:url\" content=\"https:\/\/canaguaro.cinefagos.net\/n11\/la-perra-de-carla-melo\/\" \/>\n<meta property=\"og:site_name\" content=\"CANAGUARO - Revista de cine colombiano - Edici\u00f3n 11\" \/>\n<meta property=\"article:published_time\" content=\"2024-05-05T02:36:05+00:00\" \/>\n<meta property=\"article:modified_time\" content=\"2024-07-12T00:55:29+00:00\" \/>\n<meta property=\"og:image\" content=\"http:\/\/canaguaro.cinefagos.net\/n11\/wp-content\/uploads\/sites\/14\/2024\/05\/SALA-CORTOS-La-perra.jpg\" \/>\n\t<meta property=\"og:image:width\" content=\"1280\" \/>\n\t<meta property=\"og:image:height\" content=\"768\" \/>\n\t<meta property=\"og:image:type\" content=\"image\/jpeg\" \/>\n<meta name=\"author\" content=\"admin\" \/>\n<meta name=\"twitter:card\" content=\"summary_large_image\" \/>\n<meta name=\"twitter:label1\" content=\"Written by\" \/>\n\t<meta name=\"twitter:data1\" content=\"admin\" \/>\n\t<meta name=\"twitter:label2\" content=\"Est. reading time\" \/>\n\t<meta name=\"twitter:data2\" content=\"5 minutes\" \/>\n<script type=\"application\/ld+json\" class=\"yoast-schema-graph\">{\"@context\":\"https:\/\/schema.org\",\"@graph\":[{\"@type\":\"WebPage\",\"@id\":\"https:\/\/canaguaro.cinefagos.net\/n11\/la-perra-de-carla-melo\/\",\"url\":\"https:\/\/canaguaro.cinefagos.net\/n11\/la-perra-de-carla-melo\/\",\"name\":\"La perra, de Carla Melo - CANAGUARO - Revista de cine colombiano - Edici\u00f3n 11\",\"isPartOf\":{\"@id\":\"https:\/\/canaguaro.cinefagos.net\/n11\/#website\"},\"primaryImageOfPage\":{\"@id\":\"https:\/\/canaguaro.cinefagos.net\/n11\/la-perra-de-carla-melo\/#primaryimage\"},\"image\":{\"@id\":\"https:\/\/canaguaro.cinefagos.net\/n11\/la-perra-de-carla-melo\/#primaryimage\"},\"thumbnailUrl\":\"https:\/\/canaguaro.cinefagos.net\/n11\/wp-content\/uploads\/sites\/14\/2024\/05\/SALA-CORTOS-La-perra.jpg\",\"datePublished\":\"2024-05-05T02:36:05+00:00\",\"dateModified\":\"2024-07-12T00:55:29+00:00\",\"author\":{\"@id\":\"https:\/\/canaguaro.cinefagos.net\/n11\/#\/schema\/person\/e08bd89ff0fc2cab36e00254c8fe7c30\"},\"inLanguage\":\"en-US\",\"potentialAction\":[{\"@type\":\"ReadAction\",\"target\":[\"https:\/\/canaguaro.cinefagos.net\/n11\/la-perra-de-carla-melo\/\"]}]},{\"@type\":\"ImageObject\",\"inLanguage\":\"en-US\",\"@id\":\"https:\/\/canaguaro.cinefagos.net\/n11\/la-perra-de-carla-melo\/#primaryimage\",\"url\":\"https:\/\/canaguaro.cinefagos.net\/n11\/wp-content\/uploads\/sites\/14\/2024\/05\/SALA-CORTOS-La-perra.jpg\",\"contentUrl\":\"https:\/\/canaguaro.cinefagos.net\/n11\/wp-content\/uploads\/sites\/14\/2024\/05\/SALA-CORTOS-La-perra.jpg\",\"width\":1280,\"height\":768},{\"@type\":\"WebSite\",\"@id\":\"https:\/\/canaguaro.cinefagos.net\/n11\/#website\",\"url\":\"https:\/\/canaguaro.cinefagos.net\/n11\/\",\"name\":\"CANAGUARO - Revista de cine colombiano - Edici\u00f3n 11\",\"description\":\"Revista de Cine Colombiano\",\"potentialAction\":[{\"@type\":\"SearchAction\",\"target\":{\"@type\":\"EntryPoint\",\"urlTemplate\":\"https:\/\/canaguaro.cinefagos.net\/n11\/?s={search_term_string}\"},\"query-input\":{\"@type\":\"PropertyValueSpecification\",\"valueRequired\":true,\"valueName\":\"search_term_string\"}}],\"inLanguage\":\"en-US\"},{\"@type\":\"Person\",\"@id\":\"https:\/\/canaguaro.cinefagos.net\/n11\/#\/schema\/person\/e08bd89ff0fc2cab36e00254c8fe7c30\",\"name\":\"admin\",\"image\":{\"@type\":\"ImageObject\",\"inLanguage\":\"en-US\",\"@id\":\"https:\/\/canaguaro.cinefagos.net\/n11\/#\/schema\/person\/image\/\",\"url\":\"https:\/\/secure.gravatar.com\/avatar\/6bfb5e7ea347ed86f579ece251577a81a1cffe3c7c84a4cbc01e5de982797880?s=96&d=mm&r=g\",\"contentUrl\":\"https:\/\/secure.gravatar.com\/avatar\/6bfb5e7ea347ed86f579ece251577a81a1cffe3c7c84a4cbc01e5de982797880?s=96&d=mm&r=g\",\"caption\":\"admin\"},\"sameAs\":[\"http:\/\/canaguaro.cinefagos.net\"],\"url\":\"https:\/\/canaguaro.cinefagos.net\/n11\/author\/admin\/\"}]}<\/script>\n<!-- \/ Yoast SEO plugin. -->","yoast_head_json":{"title":"La perra, de Carla Melo - CANAGUARO - Revista de cine colombiano - Edici\u00f3n 11","robots":{"index":"index","follow":"follow","max-snippet":"max-snippet:-1","max-image-preview":"max-image-preview:large","max-video-preview":"max-video-preview:-1"},"canonical":"https:\/\/canaguaro.cinefagos.net\/n11\/la-perra-de-carla-melo\/","og_locale":"en_US","og_type":"article","og_title":"La perra, de Carla Melo - CANAGUARO - Revista de cine colombiano - Edici\u00f3n 11","og_description":"Lina Mar\u00eda Rivera","og_url":"https:\/\/canaguaro.cinefagos.net\/n11\/la-perra-de-carla-melo\/","og_site_name":"CANAGUARO - Revista de cine colombiano - Edici\u00f3n 11","article_published_time":"2024-05-05T02:36:05+00:00","article_modified_time":"2024-07-12T00:55:29+00:00","og_image":[{"width":1280,"height":768,"url":"http:\/\/canaguaro.cinefagos.net\/n11\/wp-content\/uploads\/sites\/14\/2024\/05\/SALA-CORTOS-La-perra.jpg","type":"image\/jpeg"}],"author":"admin","twitter_card":"summary_large_image","twitter_misc":{"Written by":"admin","Est. reading time":"5 minutes"},"schema":{"@context":"https:\/\/schema.org","@graph":[{"@type":"WebPage","@id":"https:\/\/canaguaro.cinefagos.net\/n11\/la-perra-de-carla-melo\/","url":"https:\/\/canaguaro.cinefagos.net\/n11\/la-perra-de-carla-melo\/","name":"La perra, de Carla Melo - CANAGUARO - Revista de cine colombiano - Edici\u00f3n 11","isPartOf":{"@id":"https:\/\/canaguaro.cinefagos.net\/n11\/#website"},"primaryImageOfPage":{"@id":"https:\/\/canaguaro.cinefagos.net\/n11\/la-perra-de-carla-melo\/#primaryimage"},"image":{"@id":"https:\/\/canaguaro.cinefagos.net\/n11\/la-perra-de-carla-melo\/#primaryimage"},"thumbnailUrl":"https:\/\/canaguaro.cinefagos.net\/n11\/wp-content\/uploads\/sites\/14\/2024\/05\/SALA-CORTOS-La-perra.jpg","datePublished":"2024-05-05T02:36:05+00:00","dateModified":"2024-07-12T00:55:29+00:00","author":{"@id":"https:\/\/canaguaro.cinefagos.net\/n11\/#\/schema\/person\/e08bd89ff0fc2cab36e00254c8fe7c30"},"inLanguage":"en-US","potentialAction":[{"@type":"ReadAction","target":["https:\/\/canaguaro.cinefagos.net\/n11\/la-perra-de-carla-melo\/"]}]},{"@type":"ImageObject","inLanguage":"en-US","@id":"https:\/\/canaguaro.cinefagos.net\/n11\/la-perra-de-carla-melo\/#primaryimage","url":"https:\/\/canaguaro.cinefagos.net\/n11\/wp-content\/uploads\/sites\/14\/2024\/05\/SALA-CORTOS-La-perra.jpg","contentUrl":"https:\/\/canaguaro.cinefagos.net\/n11\/wp-content\/uploads\/sites\/14\/2024\/05\/SALA-CORTOS-La-perra.jpg","width":1280,"height":768},{"@type":"WebSite","@id":"https:\/\/canaguaro.cinefagos.net\/n11\/#website","url":"https:\/\/canaguaro.cinefagos.net\/n11\/","name":"CANAGUARO - Revista de cine colombiano - Edici\u00f3n 11","description":"Revista de Cine Colombiano","potentialAction":[{"@type":"SearchAction","target":{"@type":"EntryPoint","urlTemplate":"https:\/\/canaguaro.cinefagos.net\/n11\/?s={search_term_string}"},"query-input":{"@type":"PropertyValueSpecification","valueRequired":true,"valueName":"search_term_string"}}],"inLanguage":"en-US"},{"@type":"Person","@id":"https:\/\/canaguaro.cinefagos.net\/n11\/#\/schema\/person\/e08bd89ff0fc2cab36e00254c8fe7c30","name":"admin","image":{"@type":"ImageObject","inLanguage":"en-US","@id":"https:\/\/canaguaro.cinefagos.net\/n11\/#\/schema\/person\/image\/","url":"https:\/\/secure.gravatar.com\/avatar\/6bfb5e7ea347ed86f579ece251577a81a1cffe3c7c84a4cbc01e5de982797880?s=96&d=mm&r=g","contentUrl":"https:\/\/secure.gravatar.com\/avatar\/6bfb5e7ea347ed86f579ece251577a81a1cffe3c7c84a4cbc01e5de982797880?s=96&d=mm&r=g","caption":"admin"},"sameAs":["http:\/\/canaguaro.cinefagos.net"],"url":"https:\/\/canaguaro.cinefagos.net\/n11\/author\/admin\/"}]}},"_links":{"self":[{"href":"https:\/\/canaguaro.cinefagos.net\/n11\/wp-json\/wp\/v2\/posts\/585","targetHints":{"allow":["GET"]}}],"collection":[{"href":"https:\/\/canaguaro.cinefagos.net\/n11\/wp-json\/wp\/v2\/posts"}],"about":[{"href":"https:\/\/canaguaro.cinefagos.net\/n11\/wp-json\/wp\/v2\/types\/post"}],"author":[{"embeddable":true,"href":"https:\/\/canaguaro.cinefagos.net\/n11\/wp-json\/wp\/v2\/users\/1"}],"replies":[{"embeddable":true,"href":"https:\/\/canaguaro.cinefagos.net\/n11\/wp-json\/wp\/v2\/comments?post=585"}],"version-history":[{"count":3,"href":"https:\/\/canaguaro.cinefagos.net\/n11\/wp-json\/wp\/v2\/posts\/585\/revisions"}],"predecessor-version":[{"id":590,"href":"https:\/\/canaguaro.cinefagos.net\/n11\/wp-json\/wp\/v2\/posts\/585\/revisions\/590"}],"wp:featuredmedia":[{"embeddable":true,"href":"https:\/\/canaguaro.cinefagos.net\/n11\/wp-json\/wp\/v2\/media\/647"}],"wp:attachment":[{"href":"https:\/\/canaguaro.cinefagos.net\/n11\/wp-json\/wp\/v2\/media?parent=585"}],"wp:term":[{"taxonomy":"category","embeddable":true,"href":"https:\/\/canaguaro.cinefagos.net\/n11\/wp-json\/wp\/v2\/categories?post=585"},{"taxonomy":"post_tag","embeddable":true,"href":"https:\/\/canaguaro.cinefagos.net\/n11\/wp-json\/wp\/v2\/tags?post=585"}],"curies":[{"name":"wp","href":"https:\/\/api.w.org\/{rel}","templated":true}]}}