{"id":1208,"date":"2025-04-09T23:22:50","date_gmt":"2025-04-09T23:22:50","guid":{"rendered":"https:\/\/canaguaro.cinefagos.net\/n14\/?p=1208"},"modified":"2025-04-23T18:52:04","modified_gmt":"2025-04-23T18:52:04","slug":"ivan-d-gaona","status":"publish","type":"post","link":"https:\/\/canaguaro.cinefagos.net\/n14\/ivan-d-gaona\/","title":{"rendered":"Iv\u00e1n D. Gaona"},"content":{"rendered":"<p class=\"autor\">Mauricio Laurens<\/p>\n<p><img loading=\"lazy\" decoding=\"async\" class=\"size-full wp-image-42 aligncenter\" src=\"https:\/\/canaguaro.cinefagos.net\/n05\/wp-content\/uploads\/sites\/7\/2021\/08\/sep.png\" alt=\"\" width=\"22\" height=\"8\" \/><\/p>\n<p class=\"entradilla\">Ingeniero civil de la UIS (Universidad Industria de Santander) y cineasta egresado de la Universidad Nacional. En el \u00e1mbito nacional se hizo conocer gracias a dos cortos costumbristas proyectados antes del largo, en salas de medio pa\u00eds, y filmados con actores naturales nativos en G\u00fcepsa, el peque\u00f1o pueblo santandereano fronterizo con Boyac\u00e1. Son ellos: <em>Los retratos <\/em>(2011) \u2013pareja de viejos campesinos que, a falta de gallina criolla, se ganan una c\u00e1mara Polaroid\u2013 y <em>El tiple<\/em> (2013) \u2013urgencia de vender el atesorado instrumento de cuerdas para cubrir una calamidad dom\u00e9stica\u2013.<\/p>\n<p>&nbsp;<\/p>\n<p>Gaona gusta filmar en el pueblo natal que no solo le sirve de inspiraci\u00f3n, sino que all\u00ed ha encontrado el material humano para expresar sus tradiciones regionales y valores humanos. \u00a0\u00a0Con La Banda del Carro Rojo se ha propuesto indagar y recrear, con material humano previamente moldeado, historias propias que reflejen ciertos aconteceres cotidianos de muchas realidades colombianas acosadas por el conflicto armado y la falta de oportunidades.<\/p>\n<p>&nbsp;<\/p>\n<p><strong><em>Pariente<\/em><\/strong> (2016): Bandoleros y paramilitares en G\u00fcepsa. En su \u00f3pera prima de largometraje, Iv\u00e1n David Gaona dio en el clavo al brindarnos una cinta de g\u00e9nero bien narrada y facturada con el car\u00e1cter arrecho (bravo) atribuido al santandereano.\u00a0 En el pueblo hay bandidos\u2026 bajo la estructura de una \u201chistoria de amor y traici\u00f3n\u201d, surge una cinta de pistoleros pueblerinos aficionados a la m\u00fasica ranchera, con el fin de nivelar la tensi\u00f3n en momentos cruciales de asaltos a mano armada, seguimiento de presuntos extorsionistas y vinculaciones con bandas al margen de la ley. Porque \u201caqu\u00ed siempre hemos conocido la violencia\u201d; es decir, los enfrentamientos entre muiscas y guanes, encomenderos e indios, liberales y conservadores, guerrilleros y paramilitares.<\/p>\n<p>&nbsp;<\/p>\n<p>Desde las entra\u00f1as de G\u00fcepsa, provincia de V\u00e9lez, un film proyectado con anterioridad a su estreno nacional en los festivales de Venecia y Toronto. Intenso drama humano y social que tiene como fuente de inspiraci\u00f3n esta peque\u00f1a localidad del sur santandereano. A escasos kil\u00f3metros de Barbosa y Puente Nacional, en la cuenca del r\u00edo Su\u00e1rez que marca el l\u00edmite con Boyac\u00e1, se aprovech\u00f3 su accidentada topograf\u00eda de parajes monta\u00f1osos y carreteras destapadas donde la ca\u00f1a panelera y los trapiches conviven con guayabos y matas de caf\u00e9.<\/p>\n<blockquote class=\"destacado\"><p>Porque una colecci\u00f3n de discos compactos contribuye a redondear su atm\u00f3sfera enso\u00f1adora, que habla no de viejas sino de traici\u00f3n &#8230;<\/p><\/blockquote>\n<p>Sus actores naturales y locales son bastante cre\u00edbles, pues parecen brotar de tierras verdes y dulces. Un gal\u00e1n enamorado, volquetero de profesi\u00f3n, acompa\u00f1a el tim\u00f3n con baladas rom\u00e1nticas de su gusto y fusiones de \u201ccarrilera\u201d, o m\u00fasica de cantina previa a la carranga, bajo supervisi\u00f3n del siempre inspirado Edson Velandia.\u00a0 En el contexto de la desmovilizaci\u00f3n de paramilitares, que asolaron la regi\u00f3n, quedan rezagos de intranquilidad y bandidismo en medio de serenatas acompasadas por tiples y bandolas. Porque una colecci\u00f3n de discos compactos contribuye a redondear su atm\u00f3sfera enso\u00f1adora, que \u201chabla no de viejas sino de traici\u00f3n\u201d.<\/p>\n<p>&nbsp;<\/p>\n<p><strong><em>Adi\u00f3s al amigo <\/em><\/strong><strong>(<\/strong>Seriado digital de guerra y \u00e9poca en el Chicamocha, 2020). Recreaci\u00f3n en campo abierto de los males hist\u00f3ricos acarreados por el sectarismo pol\u00edtico. Son seis magn\u00edficos episodios de 25 min. Cada uno y casi tres horas de duraci\u00f3n. Fueron emitidos al comienzo de la pandemia por la Autoridad Nacional de Televisi\u00f3n en canales regionales como Se\u00f1al Colombia, TRO (Bucaramanga), Zoom TV, Teleantioquia (Medell\u00edn) y Tele Pac\u00edfico (Cali). Dirigidos, escritos y coproducidos por Gaona y La ContraBanda, en los majestuosos escenarios naturales del Ca\u00f1\u00f3n del Chicamocha; m\u00fasica de fanfarria compuesta por Edson Velandia y rigurosa direcci\u00f3n de arte a cargo de Juan David Bernal.<\/p>\n<p>&nbsp;<\/p>\n<p>Al estilo de un western a la italiana, la c\u00e1mara registra un imponente y \u00e1rido paisaje monta\u00f1oso, con actores mayoritariamente naturales que recrean una ficci\u00f3n del a\u00f1o 1902, cuando finalizaba la Guerra de los Mil D\u00edas, tras la entrega de armas de los rebeldes liberales y el triunfo hegem\u00f3nico de los conservadores nacionalistas. Su contexto hist\u00f3rico guarda las proporciones de una cinta \u00e9pica, capaz de superar el costumbrismo campesino o militar, para aproximarse a un emocionante relato naturalista que, por sus alt\u00edsimas calidades esc\u00e9nicas y narrativas, va m\u00e1s all\u00e1 de an\u00e9cdotas patri\u00f3ticas o valerosas simplemente ilustrativas.<\/p>\n<p>&nbsp;<\/p>\n<p>Enfrentamiento civil de vieja data entre liberales rebeldes de oposici\u00f3n en lucha por la retoma del poder, inicialmente en el departamento de Santander, comandados, entre otros, por el general antioque\u00f1o Rafael Uribe Uribe en contra de la constituci\u00f3n centralista de 1886 y de facciones nacionalistas del gobierno conservador de la llamada Regeneraci\u00f3n; estos \u00faltimos, le hab\u00edan dado jaque al federalismo, sembraron el terror en el campesinado y restablecieron los v\u00ednculos del Estado con la Iglesia.\u00a0 Una tropa irregular, que protagoniz\u00f3 el asalto a Bucaramanga, dio inicio a la primera guerra civil del siglo XX, donde salieron victoriosos en la batalla de Palonegro; al decretarse un indulto para los alzados en armas, se dio por terminado el conflicto de m\u00e1s de cien mil muertos que hab\u00eda durado exactamente 1130 d\u00edas y tendr\u00eda entre otras consecuencias la separaci\u00f3n de Panam\u00e1.<\/p>\n<p>&nbsp;<\/p>\n<p>Grabada en los majestuosos escenarios naturales del Chicamocha, tres protagonistas: hijo de un pionero de la \u201cc\u00e1mara de fotos\u201d que fue asesinado por retratar a un coronel, un desertor que busc\u00f3 entregarle un mensaje al hermano guerrero de regreso a casa y, en menor grado, una bruja tabacalera cuyo anciano padre cay\u00f3 ultimado por fan\u00e1ticos cat\u00f3licos. Los t\u00edtulos de sus episodios hablan por s\u00ed solos: I. El retrato, II. Brujer\u00eda, III. Ladrones de comida, IV. La emboscada, V. La cuadrilla y el general y VI. El hermano y el asesino. Su narraci\u00f3n lineal salta de aventuras marcadas por ins\u00f3litas b\u00fasquedas y traves\u00edas a trav\u00e9s de caminos culebreros, con episodios alucinantes producidos por un polvillo soplado sobre sus caras en blanco y negro.<\/p>\n<p>&nbsp;<\/p>\n<p>Adem\u00e1s, dos invitados especiales que intervienen en los tres \u00faltimos cap\u00edtulos. El primero, el general Rafael Uribe Uribe, l\u00edder de la Revoluci\u00f3n Liberal y h\u00e9roe en las batallas de Palonegro y Peralonso, acompa\u00f1ado en sus tareas de pacificaci\u00f3n por ind\u00edgenas milicianos llaneros; el segundo, don Jos\u00e9 Mar\u00eda Rueda y G\u00f3mez, Conde de Cuchicute. \u201cOriundo del Socorro y San Gil, perteneciente a una noble familia de comerciantes y cafeteros, con t\u00edtulo otorgado por el rey Alfonso XIII\u201d \u2013tal como \u00e9l mismo se presentaba, t\u00edo abuelo paterno de quien esto escribe\u2013.<\/p>\n<p>&nbsp;<\/p>\n<p><strong>Art\u00edculos personales y publicaciones al respecto:<\/strong><\/p>\n<p>&nbsp;<\/p>\n<p>IvanD.Gaona,Santander Colombia<\/p>\n<p>Dom.67ParienteIvanD.GaonaSantanderElTiempoM.Laurens \/ EL TIEMPO (Debes Hacer)<\/p>\n<p>Domingo 16 de octubre de 2016<\/p>\n<p>&nbsp;<\/p>\n<p>Ver: #MauricioLaurens#LaVozDelCeluloide#HJUT106.9#<\/p>\n<p>Seriado de guerra y \u00e9poca en el Chicamocha<\/p>\n<p>&nbsp;<\/p>\n<p>Web13AdiosAlAmigoI.GaonaOpini\u00f3nCineAlOjoLaurensElTiempo<\/p>\n<p>eltiempo.com\/opini\u00f3n\/cine\/laurens<\/p>\n<p>17 de abril 2020, 05:34 p.m.<\/p>\n<p>&nbsp;<\/p>\n<p>Voz841ParienteCl.Col.s.XXMauricio Laurens<\/p>\n<p>HJUT 106.9 La Voz del Celuloide<\/p>\n<p>Domingo 30\u00a0 de octubre de 2016 (42)<\/p>\n<p><strong><em>\u00a0<\/em><\/strong><\/p>\n<p>Seriado de \u00e9poca y guerra en el Chicamocha<\/p>\n<p>\u2018Adi\u00f3s al amigo\u2019 recrea los males hist\u00f3ricos del sectarismo pol\u00edtico.<\/p>\n<p>Por: Mauricio Laurens \u2013 Cine al Ojo\u00a0\u00a0\u00a0\u00a0\u00a0\u00a0\u00a0\u00a0\u00a0 <strong>\u00a0\u00a0\u00a0\u00a0\u00a0\u00a0\u00a0\u00a0\u00a0\u00a0\u00a0\u00a0<\/strong><em><br \/>\n<\/em><\/p>\n","protected":false},"excerpt":{"rendered":"<p>Mauricio Laurens<\/p>\n","protected":false},"author":1,"featured_media":1380,"comment_status":"open","ping_status":"open","sticky":false,"template":"","format":"standard","meta":{"footnotes":""},"categories":[2],"tags":[],"class_list":["post-1208","post","type-post","status-publish","format-standard","has-post-thumbnail","hentry","category-articulos-y-ensayos"],"yoast_head":"<!-- This site is optimized with the Yoast SEO plugin v26.5 - https:\/\/yoast.com\/wordpress\/plugins\/seo\/ -->\n<title>Iv\u00e1n D. Gaona - CANAGUARO - Revista de cine colombiano - Edici\u00f3n 14<\/title>\n<meta name=\"robots\" content=\"index, follow, max-snippet:-1, max-image-preview:large, max-video-preview:-1\" \/>\n<link rel=\"canonical\" href=\"https:\/\/canaguaro.cinefagos.net\/n14\/ivan-d-gaona\/\" \/>\n<meta property=\"og:locale\" content=\"es_ES\" \/>\n<meta property=\"og:type\" content=\"article\" \/>\n<meta property=\"og:title\" content=\"Iv\u00e1n D. Gaona - CANAGUARO - Revista de cine colombiano - Edici\u00f3n 14\" \/>\n<meta property=\"og:description\" content=\"Mauricio Laurens\" \/>\n<meta property=\"og:url\" content=\"https:\/\/canaguaro.cinefagos.net\/n14\/ivan-d-gaona\/\" \/>\n<meta property=\"og:site_name\" content=\"CANAGUARO - Revista de cine colombiano - Edici\u00f3n 14\" \/>\n<meta property=\"article:published_time\" content=\"2025-04-09T23:22:50+00:00\" \/>\n<meta property=\"article:modified_time\" content=\"2025-04-23T18:52:04+00:00\" \/>\n<meta property=\"og:image\" content=\"http:\/\/canaguaro.cinefagos.net\/n14\/wp-content\/uploads\/sites\/18\/2025\/04\/ARTICULOS-Y-ENSAYOS-Ivan-D.-Gaona-1.jpg\" \/>\n\t<meta property=\"og:image:width\" content=\"1200\" \/>\n\t<meta property=\"og:image:height\" content=\"800\" \/>\n\t<meta property=\"og:image:type\" content=\"image\/jpeg\" \/>\n<meta name=\"author\" content=\"admin\" \/>\n<meta name=\"twitter:card\" content=\"summary_large_image\" \/>\n<meta name=\"twitter:label1\" content=\"Escrito por\" \/>\n\t<meta name=\"twitter:data1\" content=\"admin\" \/>\n\t<meta name=\"twitter:label2\" content=\"Tiempo de lectura\" \/>\n\t<meta name=\"twitter:data2\" content=\"6 minutos\" \/>\n<script type=\"application\/ld+json\" class=\"yoast-schema-graph\">{\"@context\":\"https:\/\/schema.org\",\"@graph\":[{\"@type\":\"WebPage\",\"@id\":\"https:\/\/canaguaro.cinefagos.net\/n14\/ivan-d-gaona\/\",\"url\":\"https:\/\/canaguaro.cinefagos.net\/n14\/ivan-d-gaona\/\",\"name\":\"Iv\u00e1n D. Gaona - CANAGUARO - Revista de cine colombiano - Edici\u00f3n 14\",\"isPartOf\":{\"@id\":\"https:\/\/canaguaro.cinefagos.net\/n14\/#website\"},\"primaryImageOfPage\":{\"@id\":\"https:\/\/canaguaro.cinefagos.net\/n14\/ivan-d-gaona\/#primaryimage\"},\"image\":{\"@id\":\"https:\/\/canaguaro.cinefagos.net\/n14\/ivan-d-gaona\/#primaryimage\"},\"thumbnailUrl\":\"https:\/\/canaguaro.cinefagos.net\/n14\/wp-content\/uploads\/sites\/18\/2025\/04\/ARTICULOS-Y-ENSAYOS-Ivan-D.-Gaona-1.jpg\",\"datePublished\":\"2025-04-09T23:22:50+00:00\",\"dateModified\":\"2025-04-23T18:52:04+00:00\",\"author\":{\"@id\":\"https:\/\/canaguaro.cinefagos.net\/n14\/#\/schema\/person\/e08bd89ff0fc2cab36e00254c8fe7c30\"},\"breadcrumb\":{\"@id\":\"https:\/\/canaguaro.cinefagos.net\/n14\/ivan-d-gaona\/#breadcrumb\"},\"inLanguage\":\"es-CO\",\"potentialAction\":[{\"@type\":\"ReadAction\",\"target\":[\"https:\/\/canaguaro.cinefagos.net\/n14\/ivan-d-gaona\/\"]}]},{\"@type\":\"ImageObject\",\"inLanguage\":\"es-CO\",\"@id\":\"https:\/\/canaguaro.cinefagos.net\/n14\/ivan-d-gaona\/#primaryimage\",\"url\":\"https:\/\/canaguaro.cinefagos.net\/n14\/wp-content\/uploads\/sites\/18\/2025\/04\/ARTICULOS-Y-ENSAYOS-Ivan-D.-Gaona-1.jpg\",\"contentUrl\":\"https:\/\/canaguaro.cinefagos.net\/n14\/wp-content\/uploads\/sites\/18\/2025\/04\/ARTICULOS-Y-ENSAYOS-Ivan-D.-Gaona-1.jpg\",\"width\":1200,\"height\":800},{\"@type\":\"BreadcrumbList\",\"@id\":\"https:\/\/canaguaro.cinefagos.net\/n14\/ivan-d-gaona\/#breadcrumb\",\"itemListElement\":[{\"@type\":\"ListItem\",\"position\":1,\"name\":\"Home\",\"item\":\"https:\/\/canaguaro.cinefagos.net\/n14\/\"},{\"@type\":\"ListItem\",\"position\":2,\"name\":\"Iv\u00e1n D. Gaona\"}]},{\"@type\":\"WebSite\",\"@id\":\"https:\/\/canaguaro.cinefagos.net\/n14\/#website\",\"url\":\"https:\/\/canaguaro.cinefagos.net\/n14\/\",\"name\":\"CANAGUARO - Revista de cine colombiano - Edici\u00f3n 14\",\"description\":\"Revista de Cine Colombiano\",\"potentialAction\":[{\"@type\":\"SearchAction\",\"target\":{\"@type\":\"EntryPoint\",\"urlTemplate\":\"https:\/\/canaguaro.cinefagos.net\/n14\/?s={search_term_string}\"},\"query-input\":{\"@type\":\"PropertyValueSpecification\",\"valueRequired\":true,\"valueName\":\"search_term_string\"}}],\"inLanguage\":\"es-CO\"},{\"@type\":\"Person\",\"@id\":\"https:\/\/canaguaro.cinefagos.net\/n14\/#\/schema\/person\/e08bd89ff0fc2cab36e00254c8fe7c30\",\"name\":\"admin\",\"sameAs\":[\"http:\/\/canaguaro.cinefagos.net\"],\"url\":\"https:\/\/canaguaro.cinefagos.net\/n14\/author\/admin\/\"}]}<\/script>\n<!-- \/ Yoast SEO plugin. -->","yoast_head_json":{"title":"Iv\u00e1n D. Gaona - CANAGUARO - Revista de cine colombiano - Edici\u00f3n 14","robots":{"index":"index","follow":"follow","max-snippet":"max-snippet:-1","max-image-preview":"max-image-preview:large","max-video-preview":"max-video-preview:-1"},"canonical":"https:\/\/canaguaro.cinefagos.net\/n14\/ivan-d-gaona\/","og_locale":"es_ES","og_type":"article","og_title":"Iv\u00e1n D. Gaona - CANAGUARO - Revista de cine colombiano - Edici\u00f3n 14","og_description":"Mauricio Laurens","og_url":"https:\/\/canaguaro.cinefagos.net\/n14\/ivan-d-gaona\/","og_site_name":"CANAGUARO - Revista de cine colombiano - Edici\u00f3n 14","article_published_time":"2025-04-09T23:22:50+00:00","article_modified_time":"2025-04-23T18:52:04+00:00","og_image":[{"width":1200,"height":800,"url":"http:\/\/canaguaro.cinefagos.net\/n14\/wp-content\/uploads\/sites\/18\/2025\/04\/ARTICULOS-Y-ENSAYOS-Ivan-D.-Gaona-1.jpg","type":"image\/jpeg"}],"author":"admin","twitter_card":"summary_large_image","twitter_misc":{"Escrito por":"admin","Tiempo de lectura":"6 minutos"},"schema":{"@context":"https:\/\/schema.org","@graph":[{"@type":"WebPage","@id":"https:\/\/canaguaro.cinefagos.net\/n14\/ivan-d-gaona\/","url":"https:\/\/canaguaro.cinefagos.net\/n14\/ivan-d-gaona\/","name":"Iv\u00e1n D. Gaona - CANAGUARO - Revista de cine colombiano - Edici\u00f3n 14","isPartOf":{"@id":"https:\/\/canaguaro.cinefagos.net\/n14\/#website"},"primaryImageOfPage":{"@id":"https:\/\/canaguaro.cinefagos.net\/n14\/ivan-d-gaona\/#primaryimage"},"image":{"@id":"https:\/\/canaguaro.cinefagos.net\/n14\/ivan-d-gaona\/#primaryimage"},"thumbnailUrl":"https:\/\/canaguaro.cinefagos.net\/n14\/wp-content\/uploads\/sites\/18\/2025\/04\/ARTICULOS-Y-ENSAYOS-Ivan-D.-Gaona-1.jpg","datePublished":"2025-04-09T23:22:50+00:00","dateModified":"2025-04-23T18:52:04+00:00","author":{"@id":"https:\/\/canaguaro.cinefagos.net\/n14\/#\/schema\/person\/e08bd89ff0fc2cab36e00254c8fe7c30"},"breadcrumb":{"@id":"https:\/\/canaguaro.cinefagos.net\/n14\/ivan-d-gaona\/#breadcrumb"},"inLanguage":"es-CO","potentialAction":[{"@type":"ReadAction","target":["https:\/\/canaguaro.cinefagos.net\/n14\/ivan-d-gaona\/"]}]},{"@type":"ImageObject","inLanguage":"es-CO","@id":"https:\/\/canaguaro.cinefagos.net\/n14\/ivan-d-gaona\/#primaryimage","url":"https:\/\/canaguaro.cinefagos.net\/n14\/wp-content\/uploads\/sites\/18\/2025\/04\/ARTICULOS-Y-ENSAYOS-Ivan-D.-Gaona-1.jpg","contentUrl":"https:\/\/canaguaro.cinefagos.net\/n14\/wp-content\/uploads\/sites\/18\/2025\/04\/ARTICULOS-Y-ENSAYOS-Ivan-D.-Gaona-1.jpg","width":1200,"height":800},{"@type":"BreadcrumbList","@id":"https:\/\/canaguaro.cinefagos.net\/n14\/ivan-d-gaona\/#breadcrumb","itemListElement":[{"@type":"ListItem","position":1,"name":"Home","item":"https:\/\/canaguaro.cinefagos.net\/n14\/"},{"@type":"ListItem","position":2,"name":"Iv\u00e1n D. Gaona"}]},{"@type":"WebSite","@id":"https:\/\/canaguaro.cinefagos.net\/n14\/#website","url":"https:\/\/canaguaro.cinefagos.net\/n14\/","name":"CANAGUARO - Revista de cine colombiano - Edici\u00f3n 14","description":"Revista de Cine Colombiano","potentialAction":[{"@type":"SearchAction","target":{"@type":"EntryPoint","urlTemplate":"https:\/\/canaguaro.cinefagos.net\/n14\/?s={search_term_string}"},"query-input":{"@type":"PropertyValueSpecification","valueRequired":true,"valueName":"search_term_string"}}],"inLanguage":"es-CO"},{"@type":"Person","@id":"https:\/\/canaguaro.cinefagos.net\/n14\/#\/schema\/person\/e08bd89ff0fc2cab36e00254c8fe7c30","name":"admin","sameAs":["http:\/\/canaguaro.cinefagos.net"],"url":"https:\/\/canaguaro.cinefagos.net\/n14\/author\/admin\/"}]}},"_links":{"self":[{"href":"https:\/\/canaguaro.cinefagos.net\/n14\/wp-json\/wp\/v2\/posts\/1208","targetHints":{"allow":["GET"]}}],"collection":[{"href":"https:\/\/canaguaro.cinefagos.net\/n14\/wp-json\/wp\/v2\/posts"}],"about":[{"href":"https:\/\/canaguaro.cinefagos.net\/n14\/wp-json\/wp\/v2\/types\/post"}],"author":[{"embeddable":true,"href":"https:\/\/canaguaro.cinefagos.net\/n14\/wp-json\/wp\/v2\/users\/1"}],"replies":[{"embeddable":true,"href":"https:\/\/canaguaro.cinefagos.net\/n14\/wp-json\/wp\/v2\/comments?post=1208"}],"version-history":[{"count":4,"href":"https:\/\/canaguaro.cinefagos.net\/n14\/wp-json\/wp\/v2\/posts\/1208\/revisions"}],"predecessor-version":[{"id":1413,"href":"https:\/\/canaguaro.cinefagos.net\/n14\/wp-json\/wp\/v2\/posts\/1208\/revisions\/1413"}],"wp:featuredmedia":[{"embeddable":true,"href":"https:\/\/canaguaro.cinefagos.net\/n14\/wp-json\/wp\/v2\/media\/1380"}],"wp:attachment":[{"href":"https:\/\/canaguaro.cinefagos.net\/n14\/wp-json\/wp\/v2\/media?parent=1208"}],"wp:term":[{"taxonomy":"category","embeddable":true,"href":"https:\/\/canaguaro.cinefagos.net\/n14\/wp-json\/wp\/v2\/categories?post=1208"},{"taxonomy":"post_tag","embeddable":true,"href":"https:\/\/canaguaro.cinefagos.net\/n14\/wp-json\/wp\/v2\/tags?post=1208"}],"curies":[{"name":"wp","href":"https:\/\/api.w.org\/{rel}","templated":true}]}}