{"id":1579,"date":"2025-08-10T04:21:58","date_gmt":"2025-08-10T04:21:58","guid":{"rendered":"https:\/\/canaguaro.cinefagos.net\/n15\/?p=1579"},"modified":"2025-08-12T15:47:16","modified_gmt":"2025-08-12T15:47:16","slug":"bajo-el-cielo-antioqueno-de-arturo-acevedo-1925","status":"publish","type":"post","link":"https:\/\/canaguaro.cinefagos.net\/n15\/bajo-el-cielo-antioqueno-de-arturo-acevedo-1925\/","title":{"rendered":"Bajo el cielo antioque\u00f1o, de Arturo Acevedo (1925)"},"content":{"rendered":"<p class=\"autor\">\u00cd\u00f1igo Montoya<\/p>\n<p><img loading=\"lazy\" decoding=\"async\" class=\"size-full wp-image-42 aligncenter\" src=\"https:\/\/canaguaro.cinefagos.net\/n05\/wp-content\/uploads\/sites\/7\/2021\/08\/sep.png\" alt=\"\" width=\"22\" height=\"8\" \/><\/p>\n<p class=\"entradilla\">La cultura paisa siempre se ha sentido orgullosa de s\u00ed, de sus virtudes y posesiones. Su primera pel\u00edcula, <em>Bajo el cielo antioque\u00f1o <\/em>(Arturo Acevedo Vallarino), se inspira en este esp\u00edritu y lo hace parte de su contenido, porque no solo fue concebida como una pel\u00edcula, sino tambi\u00e9n como una pieza de propaganda sobre su progreso, su fortuna de \u201cnuevo rico\u201d y esa sociedad que la ostentaba.<\/p>\n<p>&nbsp;<\/p>\n<p>As\u00ed que revisitar esta pel\u00edcula en su centenario no solo es entender c\u00f3mo fue el nacimiento del cine nacional, sino tambi\u00e9n apreciar una radiograf\u00eda de lo que entonces era la sociedad antioque\u00f1a, con todos sus valores, pretensiones y relaciones de poder. Porque si el filme trasparenta c\u00f3mo era la est\u00e9tica y narrativa de las pel\u00edculas de entonces, las circunstancias de su producci\u00f3n, en cambio, fueron muy distintas a las dem\u00e1s, pues la idea de realizarla fue impulsada, no por un hombre del oficio del cine o de las artes, sino por el arquetipo del paisa negociante, entusiasta de las nuevas empresas y orgulloso de su \u201craza\u201d y de su tierra: Gonzalo Mej\u00eda.<\/p>\n<p>&nbsp;<\/p>\n<p>El primer paso era contratar a un director que hiciera la pel\u00edcula. La decisi\u00f3n obvia era acudir a Arturo Acevedo, quien fue un pionero de la cinematograf\u00eda nacional, aunque m\u00e1s sab\u00eda de teatro que de cine, pero al menos ya hab\u00eda realizado el a\u00f1o anterior en Bogot\u00e1 <em>La tragedia del silencio<\/em>, adem\u00e1s de tener los equipos t\u00e9cnicos. Incluso, a falta de poder contratar a un camar\u00f3grafo extranjero con experiencia, propuso para tal cargo a su hijo, Gonzalo Acevedo.<\/p>\n<p>&nbsp;<\/p>\n<p>El propio Arturo Acevedo, con las indicaciones de Gonzalo Mej\u00eda, elabor\u00f3 un argumento en el que una joven, Lina, luego de terminar sus estudios con monjas, empieza su vida social, donde,de entre todos sus pretendientes, elige al menos indicado, un joven de buena familia, pero despilfarrador. Ante la negativa del padre (interpretado por el mismo Gonzalo Mej\u00eda y Lina por su esposa), la pareja decide fugarse, pero en el camino encuentran a una mendiga maltratada por su pareja y esto hace que Lina se arrepienta y hasta le regala sus joyas. Pero la mujer es asesinada para rob\u00e1rselas y el joven pretendiente es acusado del crimen. En el juicio, Lina logra demostrar su inocencia, luego \u00e9l encuentra oro y con ello logra casarse con su amada. En medio de esta historia el relato se desv\u00eda varias veces para mostrar las fincas cafeteras y ganaderas, la navegaci\u00f3n por el r\u00edo magdalena y la visita a una f\u00e1brica de cigarrillos. Porque la idea es que la pel\u00edcula tambi\u00e9n fuera una forma de propaganda de las riquezas y logros de esa sociedad que se mostraba y se auto celebraba por medio del cine.<\/p>\n<p>&nbsp;<\/p>\n<p>De estas intenciones y circunstancias de producci\u00f3n se pueden hacer dos lecturas, principalmente, una cinematogr\u00e1fica y la otra del contexto social y cultural. En lo que respecta al cine, son claras las limitaciones narrativas y est\u00e9ticas que se hacen mucho m\u00e1s evidentes si se tiene como referencia, no el cine nacional, claro, sino el internacional, tanto el de Hollywood como el franc\u00e9s e italiano, que eran los que poblaban las carteleras del pa\u00eds para entonces.<\/p>\n<blockquote><p>Porque la idea es que la pel\u00edcula tambi\u00e9n fuera una forma de propaganda de las riquezas y logros de esa sociedad que se mostraba y se auto celebraba por medio del cine.<\/p><\/blockquote>\n<p>Una pel\u00edcula como <em>Bajo el cielo antioque\u00f1o<\/em>, en cambio, fue realizada con las din\u00e1micas de la puesta en escena y las narrativas propias del teatro, para luego ser filmadas y organizadas tambi\u00e9n con esa sintaxis. Esto se traduce en unos decorados recargados y con el artificio af\u00edn a un escenario, no a una locaci\u00f3n; la mirada de la c\u00e1mara casi siempre es frontal, sin juegos de angulaciones, profundidad ni perspectivas, as\u00ed como los encuadres con un limitado sentido de la composici\u00f3n, por no decir muchas veces descuidados, y los pocos movimientos que tiene,son faltos de fluidez; igualmente, la presencia, salida y entrada de los actores en el encuadre suele resultar inc\u00f3moda y sin armon\u00eda con respecto a la posici\u00f3n de la c\u00e1mara y de los dem\u00e1s actores; y el orden del relato, por lo general, tiene la simpleza de la sucesi\u00f3n lineal de las escenas, sin apelar mucho a los ricos recursos del montaje.<\/p>\n<p>&nbsp;<\/p>\n<p>Por otro lado, este filme se produce en un periodo de bienestar y crecimiento econ\u00f3mico, especialmente en Antioquia, no obstante, frente a estas nuevas din\u00e1micas econ\u00f3micas y de inversi\u00f3n en cultura y entretenimiento, todo ello asociado a las ideas de progreso y modernidad, conviv\u00eda una arraigada filiaci\u00f3n a la tradici\u00f3n y el conservadurismo, representados en los puritanos valores religiosos, el patriarcado imperante, el delimitado papel de la mujer y las marcadas diferencias sociales.<\/p>\n<p>&nbsp;<\/p>\n<p>Es decir, la presencia de las jerarqu\u00edas sociales, la autoridad y el llamado al orden est\u00e1n presentes en casi cada secuencia de esta pel\u00edcula. El relato mismo empieza con la educaci\u00f3n religiosa que le daban a Lina y contin\u00faa con la imposici\u00f3n del padre ante un inconveniente romance, porque aplica aquella m\u00e1xima de la moral cat\u00f3lica y paisaque dice que hay que ganarse el pan con el sudor de la frente: \u201cLa mano de mi hija la dar\u00e9 solo a un hombre que sepa vivir del trabajo\u201d, dictamina el padre al pretendiente en la pel\u00edcula. As\u00ed mismo, cuando Lina se arrepiente de fugarse, sus deseos y pasiones est\u00e1n cediendo ante la obediencia al padre y ante el temor del oprobio social regido por la moral cat\u00f3lica.<\/p>\n<p>&nbsp;<\/p>\n<p>De otro lado, la sociedad que muestra la pel\u00edcula es la de las mansiones, haciendas, lujosos carros, suntuosos bailes de disfraces, una sociedad que va al club, juega tenis y golf. Pero siempre definiendo las diferencias sociales.As\u00ed, al \u201cnegrito\u201d atropellado, el pretendiente lo toma a su servicio sin siquiera preguntarle; la mendiga produce conmiseraci\u00f3n en Lina y, como un gesto de caridad cristiana,esta le da sus joyas;o los campesinos que se casan son mirados desde el balc\u00f3n por padre e hija, mientras reciben venias de todos los comensales en alpargatas. De manera que las l\u00edneas entre clases est\u00e1n claramente marcadasen esta pel\u00edcula, tanto argumental como visualmente, y el contacto que tienen est\u00e1 definido por una mirada jer\u00e1rquica.<\/p>\n<p>&nbsp;<\/p>\n<p>Un siglo despu\u00e9s, <em>Bajo el cielo antioque\u00f1o <\/em>ya no solo es la primera pel\u00edcula de la regi\u00f3n, sino un documento y testimonio de las din\u00e1micas sociales, econ\u00f3micas y culturales de la \u00e9poca, pero centrado solo en un sector social, la burgues\u00eda emergente, que retrat\u00f3 con altivez su ser y pretensiones, dejando traslucir esa contradicci\u00f3n, entre la tradici\u00f3n y la modernidad, que tambi\u00e9n la defin\u00eda.<\/p>\n","protected":false},"excerpt":{"rendered":"<p>\u00cd\u00f1igo Montoya<\/p>\n","protected":false},"author":1,"featured_media":1645,"comment_status":"open","ping_status":"open","sticky":false,"template":"","format":"standard","meta":{"footnotes":""},"categories":[9],"tags":[],"class_list":["post-1579","post","type-post","status-publish","format-standard","has-post-thumbnail","hentry","category-sala-retro"],"yoast_head":"<!-- This site is optimized with the Yoast SEO plugin v26.5 - https:\/\/yoast.com\/wordpress\/plugins\/seo\/ -->\n<title>Bajo el cielo antioque\u00f1o, de Arturo Acevedo (1925) - CANAGUARO - Revista de cine colombiano - Edici\u00f3n 15<\/title>\n<meta name=\"robots\" content=\"index, follow, max-snippet:-1, max-image-preview:large, max-video-preview:-1\" \/>\n<link rel=\"canonical\" href=\"https:\/\/canaguaro.cinefagos.net\/n15\/bajo-el-cielo-antioqueno-de-arturo-acevedo-1925\/\" \/>\n<meta property=\"og:locale\" content=\"en_US\" \/>\n<meta property=\"og:type\" content=\"article\" \/>\n<meta property=\"og:title\" content=\"Bajo el cielo antioque\u00f1o, de Arturo Acevedo (1925) - CANAGUARO - Revista de cine colombiano - Edici\u00f3n 15\" \/>\n<meta property=\"og:description\" content=\"\u00cd\u00f1igo Montoya\" \/>\n<meta property=\"og:url\" content=\"https:\/\/canaguaro.cinefagos.net\/n15\/bajo-el-cielo-antioqueno-de-arturo-acevedo-1925\/\" \/>\n<meta property=\"og:site_name\" content=\"CANAGUARO - Revista de cine colombiano - Edici\u00f3n 15\" \/>\n<meta property=\"article:published_time\" content=\"2025-08-10T04:21:58+00:00\" \/>\n<meta property=\"article:modified_time\" content=\"2025-08-12T15:47:16+00:00\" \/>\n<meta property=\"og:image\" content=\"http:\/\/canaguaro.cinefagos.net\/n15\/wp-content\/uploads\/sites\/19\/2025\/08\/SALA-RETRO-Cien-anos-de-Bajo-el-cielo-antioqueno-1.jpg\" \/>\n\t<meta property=\"og:image:width\" content=\"1024\" \/>\n\t<meta property=\"og:image:height\" content=\"683\" \/>\n\t<meta property=\"og:image:type\" content=\"image\/jpeg\" \/>\n<meta name=\"author\" content=\"admin\" \/>\n<meta name=\"twitter:card\" content=\"summary_large_image\" \/>\n<meta name=\"twitter:label1\" content=\"Written by\" \/>\n\t<meta name=\"twitter:data1\" content=\"admin\" \/>\n\t<meta name=\"twitter:label2\" content=\"Est. reading time\" \/>\n\t<meta name=\"twitter:data2\" content=\"6 minutes\" \/>\n<script type=\"application\/ld+json\" class=\"yoast-schema-graph\">{\"@context\":\"https:\/\/schema.org\",\"@graph\":[{\"@type\":\"WebPage\",\"@id\":\"https:\/\/canaguaro.cinefagos.net\/n15\/bajo-el-cielo-antioqueno-de-arturo-acevedo-1925\/\",\"url\":\"https:\/\/canaguaro.cinefagos.net\/n15\/bajo-el-cielo-antioqueno-de-arturo-acevedo-1925\/\",\"name\":\"Bajo el cielo antioque\u00f1o, de Arturo Acevedo (1925) - CANAGUARO - Revista de cine colombiano - Edici\u00f3n 15\",\"isPartOf\":{\"@id\":\"https:\/\/canaguaro.cinefagos.net\/n15\/#website\"},\"primaryImageOfPage\":{\"@id\":\"https:\/\/canaguaro.cinefagos.net\/n15\/bajo-el-cielo-antioqueno-de-arturo-acevedo-1925\/#primaryimage\"},\"image\":{\"@id\":\"https:\/\/canaguaro.cinefagos.net\/n15\/bajo-el-cielo-antioqueno-de-arturo-acevedo-1925\/#primaryimage\"},\"thumbnailUrl\":\"https:\/\/canaguaro.cinefagos.net\/n15\/wp-content\/uploads\/sites\/19\/2025\/08\/SALA-RETRO-Cien-anos-de-Bajo-el-cielo-antioqueno-1.jpg\",\"datePublished\":\"2025-08-10T04:21:58+00:00\",\"dateModified\":\"2025-08-12T15:47:16+00:00\",\"author\":{\"@id\":\"https:\/\/canaguaro.cinefagos.net\/n15\/#\/schema\/person\/e08bd89ff0fc2cab36e00254c8fe7c30\"},\"breadcrumb\":{\"@id\":\"https:\/\/canaguaro.cinefagos.net\/n15\/bajo-el-cielo-antioqueno-de-arturo-acevedo-1925\/#breadcrumb\"},\"inLanguage\":\"en-US\",\"potentialAction\":[{\"@type\":\"ReadAction\",\"target\":[\"https:\/\/canaguaro.cinefagos.net\/n15\/bajo-el-cielo-antioqueno-de-arturo-acevedo-1925\/\"]}]},{\"@type\":\"ImageObject\",\"inLanguage\":\"en-US\",\"@id\":\"https:\/\/canaguaro.cinefagos.net\/n15\/bajo-el-cielo-antioqueno-de-arturo-acevedo-1925\/#primaryimage\",\"url\":\"https:\/\/canaguaro.cinefagos.net\/n15\/wp-content\/uploads\/sites\/19\/2025\/08\/SALA-RETRO-Cien-anos-de-Bajo-el-cielo-antioqueno-1.jpg\",\"contentUrl\":\"https:\/\/canaguaro.cinefagos.net\/n15\/wp-content\/uploads\/sites\/19\/2025\/08\/SALA-RETRO-Cien-anos-de-Bajo-el-cielo-antioqueno-1.jpg\",\"width\":1024,\"height\":683},{\"@type\":\"BreadcrumbList\",\"@id\":\"https:\/\/canaguaro.cinefagos.net\/n15\/bajo-el-cielo-antioqueno-de-arturo-acevedo-1925\/#breadcrumb\",\"itemListElement\":[{\"@type\":\"ListItem\",\"position\":1,\"name\":\"Home\",\"item\":\"https:\/\/canaguaro.cinefagos.net\/n15\/\"},{\"@type\":\"ListItem\",\"position\":2,\"name\":\"Bajo el cielo antioque\u00f1o, de Arturo Acevedo (1925)\"}]},{\"@type\":\"WebSite\",\"@id\":\"https:\/\/canaguaro.cinefagos.net\/n15\/#website\",\"url\":\"https:\/\/canaguaro.cinefagos.net\/n15\/\",\"name\":\"CANAGUARO - Revista de cine colombiano - Edici\u00f3n 15\",\"description\":\"Revista de Cine Colombiano\",\"potentialAction\":[{\"@type\":\"SearchAction\",\"target\":{\"@type\":\"EntryPoint\",\"urlTemplate\":\"https:\/\/canaguaro.cinefagos.net\/n15\/?s={search_term_string}\"},\"query-input\":{\"@type\":\"PropertyValueSpecification\",\"valueRequired\":true,\"valueName\":\"search_term_string\"}}],\"inLanguage\":\"en-US\"},{\"@type\":\"Person\",\"@id\":\"https:\/\/canaguaro.cinefagos.net\/n15\/#\/schema\/person\/e08bd89ff0fc2cab36e00254c8fe7c30\",\"name\":\"admin\",\"image\":{\"@type\":\"ImageObject\",\"inLanguage\":\"en-US\",\"@id\":\"https:\/\/canaguaro.cinefagos.net\/n15\/#\/schema\/person\/image\/\",\"url\":\"https:\/\/secure.gravatar.com\/avatar\/6bfb5e7ea347ed86f579ece251577a81a1cffe3c7c84a4cbc01e5de982797880?s=96&d=mm&r=g\",\"contentUrl\":\"https:\/\/secure.gravatar.com\/avatar\/6bfb5e7ea347ed86f579ece251577a81a1cffe3c7c84a4cbc01e5de982797880?s=96&d=mm&r=g\",\"caption\":\"admin\"},\"sameAs\":[\"http:\/\/canaguaro.cinefagos.net\"],\"url\":\"https:\/\/canaguaro.cinefagos.net\/n15\/author\/admin\/\"}]}<\/script>\n<!-- \/ Yoast SEO plugin. -->","yoast_head_json":{"title":"Bajo el cielo antioque\u00f1o, de Arturo Acevedo (1925) - CANAGUARO - Revista de cine colombiano - Edici\u00f3n 15","robots":{"index":"index","follow":"follow","max-snippet":"max-snippet:-1","max-image-preview":"max-image-preview:large","max-video-preview":"max-video-preview:-1"},"canonical":"https:\/\/canaguaro.cinefagos.net\/n15\/bajo-el-cielo-antioqueno-de-arturo-acevedo-1925\/","og_locale":"en_US","og_type":"article","og_title":"Bajo el cielo antioque\u00f1o, de Arturo Acevedo (1925) - CANAGUARO - Revista de cine colombiano - Edici\u00f3n 15","og_description":"\u00cd\u00f1igo Montoya","og_url":"https:\/\/canaguaro.cinefagos.net\/n15\/bajo-el-cielo-antioqueno-de-arturo-acevedo-1925\/","og_site_name":"CANAGUARO - Revista de cine colombiano - Edici\u00f3n 15","article_published_time":"2025-08-10T04:21:58+00:00","article_modified_time":"2025-08-12T15:47:16+00:00","og_image":[{"width":1024,"height":683,"url":"http:\/\/canaguaro.cinefagos.net\/n15\/wp-content\/uploads\/sites\/19\/2025\/08\/SALA-RETRO-Cien-anos-de-Bajo-el-cielo-antioqueno-1.jpg","type":"image\/jpeg"}],"author":"admin","twitter_card":"summary_large_image","twitter_misc":{"Written by":"admin","Est. reading time":"6 minutes"},"schema":{"@context":"https:\/\/schema.org","@graph":[{"@type":"WebPage","@id":"https:\/\/canaguaro.cinefagos.net\/n15\/bajo-el-cielo-antioqueno-de-arturo-acevedo-1925\/","url":"https:\/\/canaguaro.cinefagos.net\/n15\/bajo-el-cielo-antioqueno-de-arturo-acevedo-1925\/","name":"Bajo el cielo antioque\u00f1o, de Arturo Acevedo (1925) - CANAGUARO - Revista de cine colombiano - Edici\u00f3n 15","isPartOf":{"@id":"https:\/\/canaguaro.cinefagos.net\/n15\/#website"},"primaryImageOfPage":{"@id":"https:\/\/canaguaro.cinefagos.net\/n15\/bajo-el-cielo-antioqueno-de-arturo-acevedo-1925\/#primaryimage"},"image":{"@id":"https:\/\/canaguaro.cinefagos.net\/n15\/bajo-el-cielo-antioqueno-de-arturo-acevedo-1925\/#primaryimage"},"thumbnailUrl":"https:\/\/canaguaro.cinefagos.net\/n15\/wp-content\/uploads\/sites\/19\/2025\/08\/SALA-RETRO-Cien-anos-de-Bajo-el-cielo-antioqueno-1.jpg","datePublished":"2025-08-10T04:21:58+00:00","dateModified":"2025-08-12T15:47:16+00:00","author":{"@id":"https:\/\/canaguaro.cinefagos.net\/n15\/#\/schema\/person\/e08bd89ff0fc2cab36e00254c8fe7c30"},"breadcrumb":{"@id":"https:\/\/canaguaro.cinefagos.net\/n15\/bajo-el-cielo-antioqueno-de-arturo-acevedo-1925\/#breadcrumb"},"inLanguage":"en-US","potentialAction":[{"@type":"ReadAction","target":["https:\/\/canaguaro.cinefagos.net\/n15\/bajo-el-cielo-antioqueno-de-arturo-acevedo-1925\/"]}]},{"@type":"ImageObject","inLanguage":"en-US","@id":"https:\/\/canaguaro.cinefagos.net\/n15\/bajo-el-cielo-antioqueno-de-arturo-acevedo-1925\/#primaryimage","url":"https:\/\/canaguaro.cinefagos.net\/n15\/wp-content\/uploads\/sites\/19\/2025\/08\/SALA-RETRO-Cien-anos-de-Bajo-el-cielo-antioqueno-1.jpg","contentUrl":"https:\/\/canaguaro.cinefagos.net\/n15\/wp-content\/uploads\/sites\/19\/2025\/08\/SALA-RETRO-Cien-anos-de-Bajo-el-cielo-antioqueno-1.jpg","width":1024,"height":683},{"@type":"BreadcrumbList","@id":"https:\/\/canaguaro.cinefagos.net\/n15\/bajo-el-cielo-antioqueno-de-arturo-acevedo-1925\/#breadcrumb","itemListElement":[{"@type":"ListItem","position":1,"name":"Home","item":"https:\/\/canaguaro.cinefagos.net\/n15\/"},{"@type":"ListItem","position":2,"name":"Bajo el cielo antioque\u00f1o, de Arturo Acevedo (1925)"}]},{"@type":"WebSite","@id":"https:\/\/canaguaro.cinefagos.net\/n15\/#website","url":"https:\/\/canaguaro.cinefagos.net\/n15\/","name":"CANAGUARO - Revista de cine colombiano - Edici\u00f3n 15","description":"Revista de Cine Colombiano","potentialAction":[{"@type":"SearchAction","target":{"@type":"EntryPoint","urlTemplate":"https:\/\/canaguaro.cinefagos.net\/n15\/?s={search_term_string}"},"query-input":{"@type":"PropertyValueSpecification","valueRequired":true,"valueName":"search_term_string"}}],"inLanguage":"en-US"},{"@type":"Person","@id":"https:\/\/canaguaro.cinefagos.net\/n15\/#\/schema\/person\/e08bd89ff0fc2cab36e00254c8fe7c30","name":"admin","image":{"@type":"ImageObject","inLanguage":"en-US","@id":"https:\/\/canaguaro.cinefagos.net\/n15\/#\/schema\/person\/image\/","url":"https:\/\/secure.gravatar.com\/avatar\/6bfb5e7ea347ed86f579ece251577a81a1cffe3c7c84a4cbc01e5de982797880?s=96&d=mm&r=g","contentUrl":"https:\/\/secure.gravatar.com\/avatar\/6bfb5e7ea347ed86f579ece251577a81a1cffe3c7c84a4cbc01e5de982797880?s=96&d=mm&r=g","caption":"admin"},"sameAs":["http:\/\/canaguaro.cinefagos.net"],"url":"https:\/\/canaguaro.cinefagos.net\/n15\/author\/admin\/"}]}},"_links":{"self":[{"href":"https:\/\/canaguaro.cinefagos.net\/n15\/wp-json\/wp\/v2\/posts\/1579","targetHints":{"allow":["GET"]}}],"collection":[{"href":"https:\/\/canaguaro.cinefagos.net\/n15\/wp-json\/wp\/v2\/posts"}],"about":[{"href":"https:\/\/canaguaro.cinefagos.net\/n15\/wp-json\/wp\/v2\/types\/post"}],"author":[{"embeddable":true,"href":"https:\/\/canaguaro.cinefagos.net\/n15\/wp-json\/wp\/v2\/users\/1"}],"replies":[{"embeddable":true,"href":"https:\/\/canaguaro.cinefagos.net\/n15\/wp-json\/wp\/v2\/comments?post=1579"}],"version-history":[{"count":1,"href":"https:\/\/canaguaro.cinefagos.net\/n15\/wp-json\/wp\/v2\/posts\/1579\/revisions"}],"predecessor-version":[{"id":1581,"href":"https:\/\/canaguaro.cinefagos.net\/n15\/wp-json\/wp\/v2\/posts\/1579\/revisions\/1581"}],"wp:featuredmedia":[{"embeddable":true,"href":"https:\/\/canaguaro.cinefagos.net\/n15\/wp-json\/wp\/v2\/media\/1645"}],"wp:attachment":[{"href":"https:\/\/canaguaro.cinefagos.net\/n15\/wp-json\/wp\/v2\/media?parent=1579"}],"wp:term":[{"taxonomy":"category","embeddable":true,"href":"https:\/\/canaguaro.cinefagos.net\/n15\/wp-json\/wp\/v2\/categories?post=1579"},{"taxonomy":"post_tag","embeddable":true,"href":"https:\/\/canaguaro.cinefagos.net\/n15\/wp-json\/wp\/v2\/tags?post=1579"}],"curies":[{"name":"wp","href":"https:\/\/api.w.org\/{rel}","templated":true}]}}