{"id":1727,"date":"2025-12-07T22:59:48","date_gmt":"2025-12-07T22:59:48","guid":{"rendered":"https:\/\/canaguaro.cinefagos.net\/n16\/?p=1727"},"modified":"2026-03-25T23:19:13","modified_gmt":"2026-03-25T23:19:13","slug":"entre-las-sombras-arden-mundos","status":"publish","type":"post","link":"https:\/\/canaguaro.cinefagos.net\/n16\/entre-las-sombras-arden-mundos\/","title":{"rendered":"Entre las sombras arden mundos, de Ismael Garc\u00eda Ram\u00edrez"},"content":{"rendered":"<p class=\"autor\">Samuel Torres Echavarr\u00eda<\/p>\n<p><img loading=\"lazy\" decoding=\"async\" class=\"size-full wp-image-42 aligncenter\" src=\"https:\/\/canaguaro.cinefagos.net\/n05\/wp-content\/uploads\/sites\/7\/2021\/08\/sep.png\" alt=\"\" width=\"22\" height=\"8\" \/><\/p>\n<p class=\"entradilla\">El cine queer sol\u00eda ser algo de culto, algo relegado a autores que exploraban sin tapujos este tipo de historias y personajes, pero que terminaban siendo un nicho. Desde Fassbinder en Alemania, hasta ese primer y desatado Almod\u00f3var, el cine queer del siglo pasado se entend\u00eda como algo rebelde, vanguardista, a veces incluso grotesco por su necesidad de impactar \u2013v\u00e9ase a John Waters o, de nuevo, ese primer Almod\u00f3var, que solo parec\u00eda tener inter\u00e9s por contar la historia que m\u00e1s pudiese trastocar la moral\u2013, \u00a1Ojo! Esto nunca implic\u00f3 que estos relatos carecieran de fuerza, o de intimidad, pero casi siempre eran pel\u00edculas fundamentadas en varias intenciones: Generar m\u00e1xima empat\u00eda a trav\u00e9s de mostrar las situaciones cruentas a las que se ve\u00edan expuestas estas personas al ser marginadas (<em>Un a\u00f1o con trece lunas<\/em>), generar shock por los estilos de vida que pod\u00edan llevar (la trashtrilogy de Waters), o un cine que, aunque no era necesariamente tr\u00e1gico o extravagante, era un cine lleno de estereotipos y, sin ser coincidencia, dirigido por hombres homosexuales. A pesar de esta coincidencia, hay que aclarar que la sexualidad de un cineasta no tiene porqu\u00e9 influir en c\u00f3mo filma un v\u00ednculo, sea del tipo que sea (Wong KarWai, Ang Lee, ToddHaynes, etc.) Sin embargo, pese a su susodicha menci\u00f3n, Almod\u00f3var fue el primer autor que hizo un cine queer popular que buscaba ver la orientaci\u00f3n sexual de sus personajes como un rasgo m\u00e1s de su personalidad, y no como el punto de partida de la historia.<\/p>\n<p>&nbsp;<\/p>\n<p>Entendiendo esto, llegamos a <em>entre las sombras arden mundos<\/em>, un cortometraje intrigante, dirigido por el realizador oriundo de Medell\u00edn Ismael Garc\u00eda Ram\u00edrez, que cabe en un nuevo tipo de cine queer. En la pel\u00edcula, seguimos a Ramona, una mujer mayor que pasa una noche entera con los amigos de su hijo y su hijo, Juli\u00e1n, dando pie a una intimidad que solo podr\u00eda crearse cuando chocan dos dimensiones de una misma persona y a una simpat\u00eda que alguien solo se permite si se propone habitar otra realidad.<\/p>\n<p>&nbsp;<\/p>\n<p>Para empezar, es de Cris\u00e1lida, una productora con claros intereses en el g\u00e9nero, en la sexualidad, en el progresismo. Todo esto se evidencia no por como los personajes se expresan (sus maneras, su lenguaje, sus vestimentas) sino por la naturalidad con la que portan todo esto.Sin ser enf\u00e1tico, Ismael nos adentra en el mundo de estos pelados, que son personas a quienes la gente y las narrativas culturales (incluyendo las cinematogr\u00e1ficas) suelen reducir a una etiqueta. Para incidir en nosotros como espectadores, el director toma el punto de vista de esta mujer mayor, que se embarca en un viaje para reconocer tambi\u00e9n la humanidad de estos protagonistas. Es evidente la transformaci\u00f3n que sufre en su manera de mirar a su hijo y a los amigos de su hijo, a priori, parec\u00eda asustada, prejuiciosa incluso, pero entre m\u00e1s habita esta intimidad posible gracias a la coincidencia (es casi que un McGuffin) que crea Ismael, pues, aunque se dan indicios (menciones de un esposo vil), en verdad nunca sabemos del todo porqu\u00e9 Ramona estaba buscando a su hijo. Este incidente incitador nos permite que conozcamos a estos nuevos hombres a trav\u00e9s de los ojos de Ramona, conocimiento que el director explora con perspicacia. Al inicio del corto, los cuerpos est\u00e1n fragmentados, las luces se ven borrosas; es como una realidad lejana que habitamos con un estupor impuesto por la c\u00e1mara que casi siempre juega a ser la mirada de la madre.<\/p>\n<p>&nbsp;<\/p>\n<p>Ismael crea a estos nuevos hombres, que juzgan los malos tratos de los hombres viejos y mis\u00f3ginos, que echan piropos con adulaci\u00f3n y no con morbo, que van en motos de colores brillantes por una Medell\u00edn oscura (\u00a1Muy recursivos!), que disfrutan de las drogas como de su sexualidad, que se maquillan y maquillan, que bailan, y, sobre todo, que son complejos. Sus vicios nunca opacan sus virtudes, de hecho, le ofrecen marihuana a Ramona, pues es lo que ellos ven como camino a la paz. No obstante, la paz la obtiene por algo m\u00e1s sagrado que el bareto brindado por esos j\u00f3venes altruistas y pecaminosos, la paz de Ramona se da gracias a que experimenta la libertad que antes juzgaba.<\/p>\n<blockquote><p>Ismael crea a estos nuevos hombres, que juzgan los malos tratos de los hombres viejos y mis\u00f3ginos, que echan piropos con adulaci\u00f3n y no con morbo, que van en motos de colores brillantes por una Medell\u00edn oscura &#8230;<\/p><\/blockquote>\n<p><em>Entre las sombras arden mundos<\/em> es un relato moderno, que se toma su tiempo para desarrollarse, sobre todo porque le importa que habitemos un mundo muy espec\u00edfico. Al habitar este mundo, entendemos c\u00f3mo su historia es una oda a la empat\u00eda y a la comprensi\u00f3n. Juli\u00e1n, el hijo de Ramona, es m\u00e1s vulnerable que nunca, \u00bfQu\u00e9 m\u00e1s vulnerable que ser el punto de convergencia entre dos grupos sociales, con los que te sueles mostrar diferente seg\u00fan con qu\u00e9 grupo est\u00e1s conviviendo? Este relato explora la libertad a trav\u00e9s de dos miradas, la principal, que es la de Ramona, pasando de estar encerrada en el plano con segmentos de cuerpos sin rostro, a estar bailando y vi\u00e9ndose como esas personas que antes ve\u00eda difuminadas. Pero tambi\u00e9n explora la libertad a trav\u00e9s de Juli\u00e1n, un hijo que logra ser qui\u00e9n es tanto con su madre, como con sus amigos.<\/p>\n<p>&nbsp;<\/p>\n<p>Este relato explora un nuevo tipo de personaje masculino, pues los hombres que crea Ismael no son hombres que hieren, son hombres que abrazan de m\u00faltiples formas, hasta abrazar de verdad, acostados en un colch\u00f3n de una terraza, compartiendo intimidad, no porque se atraigan el uno al otro, sino porque no ven nada de malo en expresar ese amor. Entonces, podemos apreciar tambi\u00e9n un nuevo cine queer, uno que forja relatos que apelan a la empat\u00eda, pero no a trav\u00e9s de tejer historias en las que sus personajes son miserables, por lo contrario, como La Agrado en <em>Todo sobre mi madre<\/em>, que se ganan nuestro amor por la bondad que ofrecen a conocidos y desconocidos, porque gozan tanto como cualquier otro.<\/p>\n","protected":false},"excerpt":{"rendered":"<p>Samuel Torres Echavarr\u00eda<\/p>\n","protected":false},"author":1,"featured_media":1728,"comment_status":"closed","ping_status":"closed","sticky":false,"template":"","format":"standard","meta":{"footnotes":""},"categories":[8],"tags":[],"class_list":["post-1727","post","type-post","status-publish","format-standard","has-post-thumbnail","hentry","category-sala-cortos"],"yoast_head":"<!-- This site is optimized with the Yoast SEO plugin v26.5 - https:\/\/yoast.com\/wordpress\/plugins\/seo\/ -->\n<title>Entre las sombras arden mundos, de Ismael Garc\u00eda Ram\u00edrez - CANAGUARO - Revista de Cine Colombiano - Edici\u00f3n 16<\/title>\n<meta name=\"robots\" content=\"index, follow, max-snippet:-1, max-image-preview:large, max-video-preview:-1\" \/>\n<link rel=\"canonical\" href=\"https:\/\/canaguaro.cinefagos.net\/n16\/entre-las-sombras-arden-mundos\/\" \/>\n<meta property=\"og:locale\" content=\"en_US\" \/>\n<meta property=\"og:type\" content=\"article\" \/>\n<meta property=\"og:title\" content=\"Entre las sombras arden mundos, de Ismael Garc\u00eda Ram\u00edrez - CANAGUARO - Revista de Cine Colombiano - Edici\u00f3n 16\" \/>\n<meta property=\"og:description\" content=\"Samuel Torres Echavarr\u00eda\" \/>\n<meta property=\"og:url\" content=\"https:\/\/canaguaro.cinefagos.net\/n16\/entre-las-sombras-arden-mundos\/\" \/>\n<meta property=\"og:site_name\" content=\"CANAGUARO - Revista de Cine Colombiano - Edici\u00f3n 16\" \/>\n<meta property=\"article:published_time\" content=\"2025-12-07T22:59:48+00:00\" \/>\n<meta property=\"article:modified_time\" content=\"2026-03-25T23:19:13+00:00\" \/>\n<meta property=\"og:image\" content=\"http:\/\/canaguaro.cinefagos.net\/n16\/wp-content\/uploads\/sites\/20\/2025\/12\/SALA-CORTOS-Entre-las-sombras-arden-mundos.jpeg\" \/>\n\t<meta property=\"og:image:width\" content=\"2048\" \/>\n\t<meta property=\"og:image:height\" content=\"1080\" \/>\n\t<meta property=\"og:image:type\" content=\"image\/jpeg\" \/>\n<meta name=\"author\" content=\"admin\" \/>\n<meta name=\"twitter:card\" content=\"summary_large_image\" \/>\n<meta name=\"twitter:label1\" content=\"Written by\" \/>\n\t<meta name=\"twitter:data1\" content=\"admin\" \/>\n\t<meta name=\"twitter:label2\" content=\"Est. reading time\" \/>\n\t<meta name=\"twitter:data2\" content=\"5 minutes\" \/>\n<script type=\"application\/ld+json\" class=\"yoast-schema-graph\">{\"@context\":\"https:\/\/schema.org\",\"@graph\":[{\"@type\":\"WebPage\",\"@id\":\"https:\/\/canaguaro.cinefagos.net\/n16\/entre-las-sombras-arden-mundos\/\",\"url\":\"https:\/\/canaguaro.cinefagos.net\/n16\/entre-las-sombras-arden-mundos\/\",\"name\":\"Entre las sombras arden mundos, de Ismael Garc\u00eda Ram\u00edrez - CANAGUARO - Revista de Cine Colombiano - Edici\u00f3n 16\",\"isPartOf\":{\"@id\":\"https:\/\/canaguaro.cinefagos.net\/n16\/#website\"},\"primaryImageOfPage\":{\"@id\":\"https:\/\/canaguaro.cinefagos.net\/n16\/entre-las-sombras-arden-mundos\/#primaryimage\"},\"image\":{\"@id\":\"https:\/\/canaguaro.cinefagos.net\/n16\/entre-las-sombras-arden-mundos\/#primaryimage\"},\"thumbnailUrl\":\"https:\/\/canaguaro.cinefagos.net\/n16\/wp-content\/uploads\/sites\/20\/2025\/12\/SALA-CORTOS-Entre-las-sombras-arden-mundos.jpeg\",\"datePublished\":\"2025-12-07T22:59:48+00:00\",\"dateModified\":\"2026-03-25T23:19:13+00:00\",\"author\":{\"@id\":\"https:\/\/canaguaro.cinefagos.net\/n16\/#\/schema\/person\/e08bd89ff0fc2cab36e00254c8fe7c30\"},\"breadcrumb\":{\"@id\":\"https:\/\/canaguaro.cinefagos.net\/n16\/entre-las-sombras-arden-mundos\/#breadcrumb\"},\"inLanguage\":\"en-US\",\"potentialAction\":[{\"@type\":\"ReadAction\",\"target\":[\"https:\/\/canaguaro.cinefagos.net\/n16\/entre-las-sombras-arden-mundos\/\"]}]},{\"@type\":\"ImageObject\",\"inLanguage\":\"en-US\",\"@id\":\"https:\/\/canaguaro.cinefagos.net\/n16\/entre-las-sombras-arden-mundos\/#primaryimage\",\"url\":\"https:\/\/canaguaro.cinefagos.net\/n16\/wp-content\/uploads\/sites\/20\/2025\/12\/SALA-CORTOS-Entre-las-sombras-arden-mundos.jpeg\",\"contentUrl\":\"https:\/\/canaguaro.cinefagos.net\/n16\/wp-content\/uploads\/sites\/20\/2025\/12\/SALA-CORTOS-Entre-las-sombras-arden-mundos.jpeg\",\"width\":2048,\"height\":1080},{\"@type\":\"BreadcrumbList\",\"@id\":\"https:\/\/canaguaro.cinefagos.net\/n16\/entre-las-sombras-arden-mundos\/#breadcrumb\",\"itemListElement\":[{\"@type\":\"ListItem\",\"position\":1,\"name\":\"Home\",\"item\":\"https:\/\/canaguaro.cinefagos.net\/n16\/\"},{\"@type\":\"ListItem\",\"position\":2,\"name\":\"Entre las sombras arden mundos, de Ismael Garc\u00eda Ram\u00edrez\"}]},{\"@type\":\"WebSite\",\"@id\":\"https:\/\/canaguaro.cinefagos.net\/n16\/#website\",\"url\":\"https:\/\/canaguaro.cinefagos.net\/n16\/\",\"name\":\"CANAGUARO - Revista de Cine Colombiano - Edici\u00f3n 16\",\"description\":\"Revista de Cine Colombiano\",\"potentialAction\":[{\"@type\":\"SearchAction\",\"target\":{\"@type\":\"EntryPoint\",\"urlTemplate\":\"https:\/\/canaguaro.cinefagos.net\/n16\/?s={search_term_string}\"},\"query-input\":{\"@type\":\"PropertyValueSpecification\",\"valueRequired\":true,\"valueName\":\"search_term_string\"}}],\"inLanguage\":\"en-US\"},{\"@type\":\"Person\",\"@id\":\"https:\/\/canaguaro.cinefagos.net\/n16\/#\/schema\/person\/e08bd89ff0fc2cab36e00254c8fe7c30\",\"name\":\"admin\",\"image\":{\"@type\":\"ImageObject\",\"inLanguage\":\"en-US\",\"@id\":\"https:\/\/canaguaro.cinefagos.net\/n16\/#\/schema\/person\/image\/\",\"url\":\"https:\/\/secure.gravatar.com\/avatar\/6bfb5e7ea347ed86f579ece251577a81a1cffe3c7c84a4cbc01e5de982797880?s=96&d=mm&r=g\",\"contentUrl\":\"https:\/\/secure.gravatar.com\/avatar\/6bfb5e7ea347ed86f579ece251577a81a1cffe3c7c84a4cbc01e5de982797880?s=96&d=mm&r=g\",\"caption\":\"admin\"},\"sameAs\":[\"http:\/\/canaguaro.cinefagos.net\"],\"url\":\"https:\/\/canaguaro.cinefagos.net\/n16\/author\/admin\/\"}]}<\/script>\n<!-- \/ Yoast SEO plugin. -->","yoast_head_json":{"title":"Entre las sombras arden mundos, de Ismael Garc\u00eda Ram\u00edrez - CANAGUARO - Revista de Cine Colombiano - Edici\u00f3n 16","robots":{"index":"index","follow":"follow","max-snippet":"max-snippet:-1","max-image-preview":"max-image-preview:large","max-video-preview":"max-video-preview:-1"},"canonical":"https:\/\/canaguaro.cinefagos.net\/n16\/entre-las-sombras-arden-mundos\/","og_locale":"en_US","og_type":"article","og_title":"Entre las sombras arden mundos, de Ismael Garc\u00eda Ram\u00edrez - CANAGUARO - Revista de Cine Colombiano - Edici\u00f3n 16","og_description":"Samuel Torres Echavarr\u00eda","og_url":"https:\/\/canaguaro.cinefagos.net\/n16\/entre-las-sombras-arden-mundos\/","og_site_name":"CANAGUARO - Revista de Cine Colombiano - Edici\u00f3n 16","article_published_time":"2025-12-07T22:59:48+00:00","article_modified_time":"2026-03-25T23:19:13+00:00","og_image":[{"width":2048,"height":1080,"url":"http:\/\/canaguaro.cinefagos.net\/n16\/wp-content\/uploads\/sites\/20\/2025\/12\/SALA-CORTOS-Entre-las-sombras-arden-mundos.jpeg","type":"image\/jpeg"}],"author":"admin","twitter_card":"summary_large_image","twitter_misc":{"Written by":"admin","Est. reading time":"5 minutes"},"schema":{"@context":"https:\/\/schema.org","@graph":[{"@type":"WebPage","@id":"https:\/\/canaguaro.cinefagos.net\/n16\/entre-las-sombras-arden-mundos\/","url":"https:\/\/canaguaro.cinefagos.net\/n16\/entre-las-sombras-arden-mundos\/","name":"Entre las sombras arden mundos, de Ismael Garc\u00eda Ram\u00edrez - CANAGUARO - Revista de Cine Colombiano - Edici\u00f3n 16","isPartOf":{"@id":"https:\/\/canaguaro.cinefagos.net\/n16\/#website"},"primaryImageOfPage":{"@id":"https:\/\/canaguaro.cinefagos.net\/n16\/entre-las-sombras-arden-mundos\/#primaryimage"},"image":{"@id":"https:\/\/canaguaro.cinefagos.net\/n16\/entre-las-sombras-arden-mundos\/#primaryimage"},"thumbnailUrl":"https:\/\/canaguaro.cinefagos.net\/n16\/wp-content\/uploads\/sites\/20\/2025\/12\/SALA-CORTOS-Entre-las-sombras-arden-mundos.jpeg","datePublished":"2025-12-07T22:59:48+00:00","dateModified":"2026-03-25T23:19:13+00:00","author":{"@id":"https:\/\/canaguaro.cinefagos.net\/n16\/#\/schema\/person\/e08bd89ff0fc2cab36e00254c8fe7c30"},"breadcrumb":{"@id":"https:\/\/canaguaro.cinefagos.net\/n16\/entre-las-sombras-arden-mundos\/#breadcrumb"},"inLanguage":"en-US","potentialAction":[{"@type":"ReadAction","target":["https:\/\/canaguaro.cinefagos.net\/n16\/entre-las-sombras-arden-mundos\/"]}]},{"@type":"ImageObject","inLanguage":"en-US","@id":"https:\/\/canaguaro.cinefagos.net\/n16\/entre-las-sombras-arden-mundos\/#primaryimage","url":"https:\/\/canaguaro.cinefagos.net\/n16\/wp-content\/uploads\/sites\/20\/2025\/12\/SALA-CORTOS-Entre-las-sombras-arden-mundos.jpeg","contentUrl":"https:\/\/canaguaro.cinefagos.net\/n16\/wp-content\/uploads\/sites\/20\/2025\/12\/SALA-CORTOS-Entre-las-sombras-arden-mundos.jpeg","width":2048,"height":1080},{"@type":"BreadcrumbList","@id":"https:\/\/canaguaro.cinefagos.net\/n16\/entre-las-sombras-arden-mundos\/#breadcrumb","itemListElement":[{"@type":"ListItem","position":1,"name":"Home","item":"https:\/\/canaguaro.cinefagos.net\/n16\/"},{"@type":"ListItem","position":2,"name":"Entre las sombras arden mundos, de Ismael Garc\u00eda Ram\u00edrez"}]},{"@type":"WebSite","@id":"https:\/\/canaguaro.cinefagos.net\/n16\/#website","url":"https:\/\/canaguaro.cinefagos.net\/n16\/","name":"CANAGUARO - Revista de Cine Colombiano - Edici\u00f3n 16","description":"Revista de Cine Colombiano","potentialAction":[{"@type":"SearchAction","target":{"@type":"EntryPoint","urlTemplate":"https:\/\/canaguaro.cinefagos.net\/n16\/?s={search_term_string}"},"query-input":{"@type":"PropertyValueSpecification","valueRequired":true,"valueName":"search_term_string"}}],"inLanguage":"en-US"},{"@type":"Person","@id":"https:\/\/canaguaro.cinefagos.net\/n16\/#\/schema\/person\/e08bd89ff0fc2cab36e00254c8fe7c30","name":"admin","image":{"@type":"ImageObject","inLanguage":"en-US","@id":"https:\/\/canaguaro.cinefagos.net\/n16\/#\/schema\/person\/image\/","url":"https:\/\/secure.gravatar.com\/avatar\/6bfb5e7ea347ed86f579ece251577a81a1cffe3c7c84a4cbc01e5de982797880?s=96&d=mm&r=g","contentUrl":"https:\/\/secure.gravatar.com\/avatar\/6bfb5e7ea347ed86f579ece251577a81a1cffe3c7c84a4cbc01e5de982797880?s=96&d=mm&r=g","caption":"admin"},"sameAs":["http:\/\/canaguaro.cinefagos.net"],"url":"https:\/\/canaguaro.cinefagos.net\/n16\/author\/admin\/"}]}},"_links":{"self":[{"href":"https:\/\/canaguaro.cinefagos.net\/n16\/wp-json\/wp\/v2\/posts\/1727","targetHints":{"allow":["GET"]}}],"collection":[{"href":"https:\/\/canaguaro.cinefagos.net\/n16\/wp-json\/wp\/v2\/posts"}],"about":[{"href":"https:\/\/canaguaro.cinefagos.net\/n16\/wp-json\/wp\/v2\/types\/post"}],"author":[{"embeddable":true,"href":"https:\/\/canaguaro.cinefagos.net\/n16\/wp-json\/wp\/v2\/users\/1"}],"replies":[{"embeddable":true,"href":"https:\/\/canaguaro.cinefagos.net\/n16\/wp-json\/wp\/v2\/comments?post=1727"}],"version-history":[{"count":2,"href":"https:\/\/canaguaro.cinefagos.net\/n16\/wp-json\/wp\/v2\/posts\/1727\/revisions"}],"predecessor-version":[{"id":1928,"href":"https:\/\/canaguaro.cinefagos.net\/n16\/wp-json\/wp\/v2\/posts\/1727\/revisions\/1928"}],"wp:featuredmedia":[{"embeddable":true,"href":"https:\/\/canaguaro.cinefagos.net\/n16\/wp-json\/wp\/v2\/media\/1728"}],"wp:attachment":[{"href":"https:\/\/canaguaro.cinefagos.net\/n16\/wp-json\/wp\/v2\/media?parent=1727"}],"wp:term":[{"taxonomy":"category","embeddable":true,"href":"https:\/\/canaguaro.cinefagos.net\/n16\/wp-json\/wp\/v2\/categories?post=1727"},{"taxonomy":"post_tag","embeddable":true,"href":"https:\/\/canaguaro.cinefagos.net\/n16\/wp-json\/wp\/v2\/tags?post=1727"}],"curies":[{"name":"wp","href":"https:\/\/api.w.org\/{rel}","templated":true}]}}