{"id":1803,"date":"2025-12-08T02:02:35","date_gmt":"2025-12-08T02:02:35","guid":{"rendered":"https:\/\/canaguaro.cinefagos.net\/n16\/?p=1803"},"modified":"2025-12-08T02:03:08","modified_gmt":"2025-12-08T02:03:08","slug":"perros-de-niebla-de-andres-mossos","status":"publish","type":"post","link":"https:\/\/canaguaro.cinefagos.net\/n16\/perros-de-niebla-de-andres-mossos\/","title":{"rendered":"Perros de niebla, de Andr\u00e9s Mossos"},"content":{"rendered":"<p class=\"autor\">Danny Arteaga Castrill\u00f3n<\/p>\n<p><img loading=\"lazy\" decoding=\"async\" class=\"size-full wp-image-42 aligncenter\" src=\"https:\/\/canaguaro.cinefagos.net\/n05\/wp-content\/uploads\/sites\/7\/2021\/08\/sep.png\" alt=\"\" width=\"22\" height=\"8\" \/><\/p>\n<p class=\"entradilla\">Mucho dice de una comunidad c\u00f3mo trata a sus animales, sobre todo aquellos que acompa\u00f1an la cotidianidad del ser humano. Una sociedad que los acoge, los respeta y los integratiene esperanza, tal vez por el hecho de sabernos capaces de proteger algo que, al mismo tiempo, podemos lastimar. Si atestiguamos lo contrario, adivinamos una sociedad fr\u00e1gil, capaz de herir lo que sea y con ello a s\u00ed misma. Una de las primeras im\u00e1genes de <em>Perros de niebla<\/em>, \u00f3pera prima del realizador Andr\u00e9s Mossos, es la de perros callejeros que cuelgan ahorcados en un barrio marginal de la periferia bogotana. La toma ya nos anuncia el entorno conflictivo y violento al que nos vamos a enfrentar. M\u00e1s tarde, en la siguiente escena, entendemos que el acto es la amenaza de una banda criminal a otra, cuando vemos al protagonista, Juan, alimentando a su perro, mientras manifiesta el temor que siente de que su mascota vaya a sufrir el mismo destino.<\/p>\n<p>&nbsp;<\/p>\n<p>El espectador se contagia de ese temor, que persiste a lo largo de toda la pel\u00edcula, y que se suma al m\u00f3vil de la historia: la b\u00fasqueda de ser alguien en el mundo. Juan, quiz\u00e1 sin presentirlo, se encuentra junto con su mejor amigo en la encrucijada m\u00e1s determinante de su vida: seguir su sue\u00f1o de ser un grafitero y sembrar su huella en los muros de la urbe o la de pertenecer a una banda criminal.<\/p>\n<p>&nbsp;<\/p>\n<p>Emerge, entonces, una primera tensi\u00f3n en la historia: la de la ciudad que palpita indiferente en la distancia; pero no sabemos si convoca o rechaza. Los j\u00f3venes, en la cl\u00e1sica pose de a\u00f1oranza, contemplan desde los cerros orientales, donde queda su barrio, la ciudad y los lienzos que representan sus paredes, en los que imaginan plasmar sus dibujos, incluso verlos magnificados en los muros m\u00e1s colosales. Quiz\u00e1s una manera de se\u00f1alar al arte como una v\u00eda de escape.<\/p>\n<p>&nbsp;<\/p>\n<p>Pareciera que ese acto de contemplaci\u00f3n nos dijera tambi\u00e9n que el barrio no forma parte de la ciudad, como si los j\u00f3venes observaran una urbe inalcanzable, como si habitaran un territorio que no pueden abandonar, donde adem\u00e1s est\u00e1n aislados del progreso y del cuidado. Se ven limitados a pintar las paredes de las esquinas de su barrio, bajo la amenaza constante de la violencia, encarnada en los personajes del Pollo, hermano de Juan, y el Franc\u00e9s, l\u00edder de una de las bandas criminales que se debaten en el barrio. Ellos los tientan constantemente a pertenecer a su mundo y a sumarse a la actividad delictiva, incluido el asesinato como acto de iniciaci\u00f3n. Casi que podemos adivinar una inocencia, infantil a\u00fan, en la a\u00f1oranza y pasi\u00f3n de estos j\u00f3venes, como la del ni\u00f1o que sue\u00f1a con ser astronauta, pero al mismo tiempo los atrae el poder de un arma en las manos.<\/p>\n<p>&nbsp;<\/p>\n<p>Es aqu\u00ed cuando se hace elocuente esa otra tensi\u00f3n, cargada de simbolismo, entre lo on\u00edrico y la realidad. Un mundo sugerente, una especie de imagen de la muerte desde el m\u00e1s all\u00e1, que se manifiesta con sutileza en ciertos momentos trascendentes de la pel\u00edcula: en una quebrada cercana, donde se puede encontrar a los seres amados fallecidos y que los amigos han dotado de cierta sacralidad, o en la niebla que se arrastra en la noche en los parajes del barrio y donde Juan ha percibido a un perro misterioso, que deambula rugiente hasta perderse en las sombras. \u00bfUna se\u00f1al ultraterrena que le advierte a Juan que ese ser\u00e1 su destino de permanecer en medio del dolor, la violencia, el aislamiento? \u00bfEs mejor huir hacia ese otro monstruo que es la urbe indolente?<\/p>\n<p>&nbsp;<\/p>\n<p>As\u00ed, la relaci\u00f3n entre Juan y su mascota, adem\u00e1s de la que tiene con su amigo, no solo nos revela la sensibilidad del personaje, sino que configura para nosotros el poder de las decisiones del protagonista ante aquellos dilemas. Esa idea, adem\u00e1s, se contrapone a la crudeza, la de los perros colgando, la de un hombre en llamas, la de la muerte que los persigue.<\/p>\n<p>&nbsp;<\/p>\n<p>Todo esto ante una urbe gris y ciega, que aun as\u00ed respira y aguarda con paciencia a que sus paredes sean dibujadas y pintadas por quienes logren escapar.<\/p>\n","protected":false},"excerpt":{"rendered":"<p>Danny Arteaga Castrill\u00f3n<\/p>\n","protected":false},"author":1,"featured_media":1804,"comment_status":"closed","ping_status":"closed","sticky":false,"template":"","format":"standard","meta":{"footnotes":""},"categories":[4],"tags":[],"class_list":["post-1803","post","type-post","status-publish","format-standard","has-post-thumbnail","hentry","category-criticas"],"yoast_head":"<!-- This site is optimized with the Yoast SEO plugin v26.5 - https:\/\/yoast.com\/wordpress\/plugins\/seo\/ -->\n<title>Perros de niebla, de Andr\u00e9s Mossos - CANAGUARO - Revista de Cine Colombiano - Edici\u00f3n 16<\/title>\n<meta name=\"robots\" content=\"index, follow, max-snippet:-1, max-image-preview:large, max-video-preview:-1\" \/>\n<link rel=\"canonical\" href=\"https:\/\/canaguaro.cinefagos.net\/n16\/perros-de-niebla-de-andres-mossos\/\" \/>\n<meta property=\"og:locale\" content=\"en_US\" \/>\n<meta property=\"og:type\" content=\"article\" \/>\n<meta property=\"og:title\" content=\"Perros de niebla, de Andr\u00e9s Mossos - CANAGUARO - Revista de Cine Colombiano - Edici\u00f3n 16\" \/>\n<meta property=\"og:description\" content=\"Danny Arteaga Castrill\u00f3n\" \/>\n<meta property=\"og:url\" content=\"https:\/\/canaguaro.cinefagos.net\/n16\/perros-de-niebla-de-andres-mossos\/\" \/>\n<meta property=\"og:site_name\" content=\"CANAGUARO - Revista de Cine Colombiano - Edici\u00f3n 16\" \/>\n<meta property=\"article:published_time\" content=\"2025-12-08T02:02:35+00:00\" \/>\n<meta property=\"article:modified_time\" content=\"2025-12-08T02:03:08+00:00\" \/>\n<meta property=\"og:image\" content=\"http:\/\/canaguaro.cinefagos.net\/n16\/wp-content\/uploads\/sites\/20\/2025\/12\/CRITICAS-Perros-de-Niebla.jpg\" \/>\n\t<meta property=\"og:image:width\" content=\"1280\" \/>\n\t<meta property=\"og:image:height\" content=\"770\" \/>\n\t<meta property=\"og:image:type\" content=\"image\/jpeg\" \/>\n<meta name=\"author\" content=\"admin\" \/>\n<meta name=\"twitter:card\" content=\"summary_large_image\" \/>\n<meta name=\"twitter:label1\" content=\"Written by\" \/>\n\t<meta name=\"twitter:data1\" content=\"admin\" \/>\n\t<meta name=\"twitter:label2\" content=\"Est. reading time\" \/>\n\t<meta name=\"twitter:data2\" content=\"4 minutes\" \/>\n<script type=\"application\/ld+json\" class=\"yoast-schema-graph\">{\"@context\":\"https:\/\/schema.org\",\"@graph\":[{\"@type\":\"WebPage\",\"@id\":\"https:\/\/canaguaro.cinefagos.net\/n16\/perros-de-niebla-de-andres-mossos\/\",\"url\":\"https:\/\/canaguaro.cinefagos.net\/n16\/perros-de-niebla-de-andres-mossos\/\",\"name\":\"Perros de niebla, de Andr\u00e9s Mossos - CANAGUARO - Revista de Cine Colombiano - Edici\u00f3n 16\",\"isPartOf\":{\"@id\":\"https:\/\/canaguaro.cinefagos.net\/n16\/#website\"},\"primaryImageOfPage\":{\"@id\":\"https:\/\/canaguaro.cinefagos.net\/n16\/perros-de-niebla-de-andres-mossos\/#primaryimage\"},\"image\":{\"@id\":\"https:\/\/canaguaro.cinefagos.net\/n16\/perros-de-niebla-de-andres-mossos\/#primaryimage\"},\"thumbnailUrl\":\"https:\/\/canaguaro.cinefagos.net\/n16\/wp-content\/uploads\/sites\/20\/2025\/12\/CRITICAS-Perros-de-Niebla.jpg\",\"datePublished\":\"2025-12-08T02:02:35+00:00\",\"dateModified\":\"2025-12-08T02:03:08+00:00\",\"author\":{\"@id\":\"https:\/\/canaguaro.cinefagos.net\/n16\/#\/schema\/person\/e08bd89ff0fc2cab36e00254c8fe7c30\"},\"breadcrumb\":{\"@id\":\"https:\/\/canaguaro.cinefagos.net\/n16\/perros-de-niebla-de-andres-mossos\/#breadcrumb\"},\"inLanguage\":\"en-US\",\"potentialAction\":[{\"@type\":\"ReadAction\",\"target\":[\"https:\/\/canaguaro.cinefagos.net\/n16\/perros-de-niebla-de-andres-mossos\/\"]}]},{\"@type\":\"ImageObject\",\"inLanguage\":\"en-US\",\"@id\":\"https:\/\/canaguaro.cinefagos.net\/n16\/perros-de-niebla-de-andres-mossos\/#primaryimage\",\"url\":\"https:\/\/canaguaro.cinefagos.net\/n16\/wp-content\/uploads\/sites\/20\/2025\/12\/CRITICAS-Perros-de-Niebla.jpg\",\"contentUrl\":\"https:\/\/canaguaro.cinefagos.net\/n16\/wp-content\/uploads\/sites\/20\/2025\/12\/CRITICAS-Perros-de-Niebla.jpg\",\"width\":1280,\"height\":770},{\"@type\":\"BreadcrumbList\",\"@id\":\"https:\/\/canaguaro.cinefagos.net\/n16\/perros-de-niebla-de-andres-mossos\/#breadcrumb\",\"itemListElement\":[{\"@type\":\"ListItem\",\"position\":1,\"name\":\"Home\",\"item\":\"https:\/\/canaguaro.cinefagos.net\/n16\/\"},{\"@type\":\"ListItem\",\"position\":2,\"name\":\"Perros de niebla, de Andr\u00e9s Mossos\"}]},{\"@type\":\"WebSite\",\"@id\":\"https:\/\/canaguaro.cinefagos.net\/n16\/#website\",\"url\":\"https:\/\/canaguaro.cinefagos.net\/n16\/\",\"name\":\"CANAGUARO - Revista de Cine Colombiano - Edici\u00f3n 16\",\"description\":\"Revista de Cine Colombiano\",\"potentialAction\":[{\"@type\":\"SearchAction\",\"target\":{\"@type\":\"EntryPoint\",\"urlTemplate\":\"https:\/\/canaguaro.cinefagos.net\/n16\/?s={search_term_string}\"},\"query-input\":{\"@type\":\"PropertyValueSpecification\",\"valueRequired\":true,\"valueName\":\"search_term_string\"}}],\"inLanguage\":\"en-US\"},{\"@type\":\"Person\",\"@id\":\"https:\/\/canaguaro.cinefagos.net\/n16\/#\/schema\/person\/e08bd89ff0fc2cab36e00254c8fe7c30\",\"name\":\"admin\",\"image\":{\"@type\":\"ImageObject\",\"inLanguage\":\"en-US\",\"@id\":\"https:\/\/canaguaro.cinefagos.net\/n16\/#\/schema\/person\/image\/\",\"url\":\"https:\/\/secure.gravatar.com\/avatar\/6bfb5e7ea347ed86f579ece251577a81a1cffe3c7c84a4cbc01e5de982797880?s=96&d=mm&r=g\",\"contentUrl\":\"https:\/\/secure.gravatar.com\/avatar\/6bfb5e7ea347ed86f579ece251577a81a1cffe3c7c84a4cbc01e5de982797880?s=96&d=mm&r=g\",\"caption\":\"admin\"},\"sameAs\":[\"http:\/\/canaguaro.cinefagos.net\"],\"url\":\"https:\/\/canaguaro.cinefagos.net\/n16\/author\/admin\/\"}]}<\/script>\n<!-- \/ Yoast SEO plugin. -->","yoast_head_json":{"title":"Perros de niebla, de Andr\u00e9s Mossos - CANAGUARO - Revista de Cine Colombiano - Edici\u00f3n 16","robots":{"index":"index","follow":"follow","max-snippet":"max-snippet:-1","max-image-preview":"max-image-preview:large","max-video-preview":"max-video-preview:-1"},"canonical":"https:\/\/canaguaro.cinefagos.net\/n16\/perros-de-niebla-de-andres-mossos\/","og_locale":"en_US","og_type":"article","og_title":"Perros de niebla, de Andr\u00e9s Mossos - CANAGUARO - Revista de Cine Colombiano - Edici\u00f3n 16","og_description":"Danny Arteaga Castrill\u00f3n","og_url":"https:\/\/canaguaro.cinefagos.net\/n16\/perros-de-niebla-de-andres-mossos\/","og_site_name":"CANAGUARO - Revista de Cine Colombiano - Edici\u00f3n 16","article_published_time":"2025-12-08T02:02:35+00:00","article_modified_time":"2025-12-08T02:03:08+00:00","og_image":[{"width":1280,"height":770,"url":"http:\/\/canaguaro.cinefagos.net\/n16\/wp-content\/uploads\/sites\/20\/2025\/12\/CRITICAS-Perros-de-Niebla.jpg","type":"image\/jpeg"}],"author":"admin","twitter_card":"summary_large_image","twitter_misc":{"Written by":"admin","Est. reading time":"4 minutes"},"schema":{"@context":"https:\/\/schema.org","@graph":[{"@type":"WebPage","@id":"https:\/\/canaguaro.cinefagos.net\/n16\/perros-de-niebla-de-andres-mossos\/","url":"https:\/\/canaguaro.cinefagos.net\/n16\/perros-de-niebla-de-andres-mossos\/","name":"Perros de niebla, de Andr\u00e9s Mossos - CANAGUARO - Revista de Cine Colombiano - Edici\u00f3n 16","isPartOf":{"@id":"https:\/\/canaguaro.cinefagos.net\/n16\/#website"},"primaryImageOfPage":{"@id":"https:\/\/canaguaro.cinefagos.net\/n16\/perros-de-niebla-de-andres-mossos\/#primaryimage"},"image":{"@id":"https:\/\/canaguaro.cinefagos.net\/n16\/perros-de-niebla-de-andres-mossos\/#primaryimage"},"thumbnailUrl":"https:\/\/canaguaro.cinefagos.net\/n16\/wp-content\/uploads\/sites\/20\/2025\/12\/CRITICAS-Perros-de-Niebla.jpg","datePublished":"2025-12-08T02:02:35+00:00","dateModified":"2025-12-08T02:03:08+00:00","author":{"@id":"https:\/\/canaguaro.cinefagos.net\/n16\/#\/schema\/person\/e08bd89ff0fc2cab36e00254c8fe7c30"},"breadcrumb":{"@id":"https:\/\/canaguaro.cinefagos.net\/n16\/perros-de-niebla-de-andres-mossos\/#breadcrumb"},"inLanguage":"en-US","potentialAction":[{"@type":"ReadAction","target":["https:\/\/canaguaro.cinefagos.net\/n16\/perros-de-niebla-de-andres-mossos\/"]}]},{"@type":"ImageObject","inLanguage":"en-US","@id":"https:\/\/canaguaro.cinefagos.net\/n16\/perros-de-niebla-de-andres-mossos\/#primaryimage","url":"https:\/\/canaguaro.cinefagos.net\/n16\/wp-content\/uploads\/sites\/20\/2025\/12\/CRITICAS-Perros-de-Niebla.jpg","contentUrl":"https:\/\/canaguaro.cinefagos.net\/n16\/wp-content\/uploads\/sites\/20\/2025\/12\/CRITICAS-Perros-de-Niebla.jpg","width":1280,"height":770},{"@type":"BreadcrumbList","@id":"https:\/\/canaguaro.cinefagos.net\/n16\/perros-de-niebla-de-andres-mossos\/#breadcrumb","itemListElement":[{"@type":"ListItem","position":1,"name":"Home","item":"https:\/\/canaguaro.cinefagos.net\/n16\/"},{"@type":"ListItem","position":2,"name":"Perros de niebla, de Andr\u00e9s Mossos"}]},{"@type":"WebSite","@id":"https:\/\/canaguaro.cinefagos.net\/n16\/#website","url":"https:\/\/canaguaro.cinefagos.net\/n16\/","name":"CANAGUARO - Revista de Cine Colombiano - Edici\u00f3n 16","description":"Revista de Cine Colombiano","potentialAction":[{"@type":"SearchAction","target":{"@type":"EntryPoint","urlTemplate":"https:\/\/canaguaro.cinefagos.net\/n16\/?s={search_term_string}"},"query-input":{"@type":"PropertyValueSpecification","valueRequired":true,"valueName":"search_term_string"}}],"inLanguage":"en-US"},{"@type":"Person","@id":"https:\/\/canaguaro.cinefagos.net\/n16\/#\/schema\/person\/e08bd89ff0fc2cab36e00254c8fe7c30","name":"admin","image":{"@type":"ImageObject","inLanguage":"en-US","@id":"https:\/\/canaguaro.cinefagos.net\/n16\/#\/schema\/person\/image\/","url":"https:\/\/secure.gravatar.com\/avatar\/6bfb5e7ea347ed86f579ece251577a81a1cffe3c7c84a4cbc01e5de982797880?s=96&d=mm&r=g","contentUrl":"https:\/\/secure.gravatar.com\/avatar\/6bfb5e7ea347ed86f579ece251577a81a1cffe3c7c84a4cbc01e5de982797880?s=96&d=mm&r=g","caption":"admin"},"sameAs":["http:\/\/canaguaro.cinefagos.net"],"url":"https:\/\/canaguaro.cinefagos.net\/n16\/author\/admin\/"}]}},"_links":{"self":[{"href":"https:\/\/canaguaro.cinefagos.net\/n16\/wp-json\/wp\/v2\/posts\/1803","targetHints":{"allow":["GET"]}}],"collection":[{"href":"https:\/\/canaguaro.cinefagos.net\/n16\/wp-json\/wp\/v2\/posts"}],"about":[{"href":"https:\/\/canaguaro.cinefagos.net\/n16\/wp-json\/wp\/v2\/types\/post"}],"author":[{"embeddable":true,"href":"https:\/\/canaguaro.cinefagos.net\/n16\/wp-json\/wp\/v2\/users\/1"}],"replies":[{"embeddable":true,"href":"https:\/\/canaguaro.cinefagos.net\/n16\/wp-json\/wp\/v2\/comments?post=1803"}],"version-history":[{"count":2,"href":"https:\/\/canaguaro.cinefagos.net\/n16\/wp-json\/wp\/v2\/posts\/1803\/revisions"}],"predecessor-version":[{"id":1806,"href":"https:\/\/canaguaro.cinefagos.net\/n16\/wp-json\/wp\/v2\/posts\/1803\/revisions\/1806"}],"wp:featuredmedia":[{"embeddable":true,"href":"https:\/\/canaguaro.cinefagos.net\/n16\/wp-json\/wp\/v2\/media\/1804"}],"wp:attachment":[{"href":"https:\/\/canaguaro.cinefagos.net\/n16\/wp-json\/wp\/v2\/media?parent=1803"}],"wp:term":[{"taxonomy":"category","embeddable":true,"href":"https:\/\/canaguaro.cinefagos.net\/n16\/wp-json\/wp\/v2\/categories?post=1803"},{"taxonomy":"post_tag","embeddable":true,"href":"https:\/\/canaguaro.cinefagos.net\/n16\/wp-json\/wp\/v2\/tags?post=1803"}],"curies":[{"name":"wp","href":"https:\/\/api.w.org\/{rel}","templated":true}]}}